{"id":161,"date":"2014-01-20T16:36:27","date_gmt":"2014-01-20T15:36:27","guid":{"rendered":"http:\/\/www.irla.cat\/casairla\/?p=161"},"modified":"2017-03-15T00:46:54","modified_gmt":"2017-03-14T23:46:54","slug":"angel-colom-el-pais-que-volem","status":"publish","type":"post","link":"https:\/\/irla.cat\/casairla\/2014\/01\/20\/angel-colom-el-pais-que-volem\/","title":{"rendered":"\u00c0ngel Colom: &#8220;el pa\u00eds que volem&#8221;"},"content":{"rendered":"<div>\u00c0ngel Colom ser\u00e0 a la Casa Irla aquest proper dissabte 25 de gener en el marc del cicle &#8220;El pa\u00eds que volem&#8221; organitzat per l&#8217;Assemblea Nacional Catalana i la Casa Irla.<\/div>\n<p><!--more--><\/p>\n<div>\n<div>Copresident de Pax Christi i activista del moviment no-violent catal\u00e0, va ser l\u2019impulsor de la Marxa de la Llibertat durant els finals de la dictadura (1976) i de la Crida a la Solidaritat en defensa de la llengua i cultura a les nacions catalanes (1981-1986). Va ser secretari general d\u2019ERC, diputat al Parlament de Catalunya durant tres legislatures i senador en representaci\u00f3 del Parlament de Catalunya.<\/div>\n<div><\/div>\n<div>Delegat de la Generalitat de Catalunya al Marroc, entra a militar a CCD i durant uns anys resideix a l\u2019estranger. El 2008 retorna a Catalunya i \u00e9s escollit secretari d\u2019Immigraci\u00f3 de CDC, c\u00e0rrec que t\u00e9 en l\u2019actualitat. Tamb\u00e9 \u00e9s el director general de la Fundaci\u00f3 Nous Catalans i membre del Consell Executiu Nacional de CDC.<\/div>\n<div><img loading=\"lazy\" decoding=\"async\" class=\"aligncenter size-full wp-image-163\" src=\"http:\/\/www.irla.cat\/casairla\/wp-content\/uploads\/2017\/03\/Cartell-A\u0300ngel-Colom.jpg\" alt=\"\" width=\"400\" height=\"572\" srcset=\"https:\/\/irla.cat\/casairla\/wp-content\/uploads\/2017\/03\/Cartell-A\u0300ngel-Colom.jpg 400w, https:\/\/irla.cat\/casairla\/wp-content\/uploads\/2017\/03\/Cartell-A\u0300ngel-Colom-210x300.jpg 210w\" sizes=\"auto, (max-width: 400px) 100vw, 400px\" \/><\/div>\n<\/div>\n","protected":false},"excerpt":{"rendered":"<p>\u00c0ngel Colom ser\u00e0 a la Casa Irla aquest proper dissabte 25 de gener en el marc del cicle &#8220;El pa\u00eds<\/p>\n","protected":false},"author":1,"featured_media":198,"comment_status":"open","ping_status":"open","sticky":false,"template":"template-centered.php","format":"standard","meta":{"footnotes":""},"categories":[1],"tags":[],"class_list":["post-161","post","type-post","status-publish","format-standard","has-post-thumbnail","hentry","category-general"],"_links":{"self":[{"href":"https:\/\/irla.cat\/casairla\/wp-json\/wp\/v2\/posts\/161","targetHints":{"allow":["GET"]}}],"collection":[{"href":"https:\/\/irla.cat\/casairla\/wp-json\/wp\/v2\/posts"}],"about":[{"href":"https:\/\/irla.cat\/casairla\/wp-json\/wp\/v2\/types\/post"}],"author":[{"embeddable":true,"href":"https:\/\/irla.cat\/casairla\/wp-json\/wp\/v2\/users\/1"}],"replies":[{"embeddable":true,"href":"https:\/\/irla.cat\/casairla\/wp-json\/wp\/v2\/comments?post=161"}],"version-history":[{"count":1,"href":"https:\/\/irla.cat\/casairla\/wp-json\/wp\/v2\/posts\/161\/revisions"}],"predecessor-version":[{"id":164,"href":"https:\/\/irla.cat\/casairla\/wp-json\/wp\/v2\/posts\/161\/revisions\/164"}],"wp:featuredmedia":[{"embeddable":true,"href":"https:\/\/irla.cat\/casairla\/wp-json\/wp\/v2\/media\/198"}],"wp:attachment":[{"href":"https:\/\/irla.cat\/casairla\/wp-json\/wp\/v2\/media?parent=161"}],"wp:term":[{"taxonomy":"category","embeddable":true,"href":"https:\/\/irla.cat\/casairla\/wp-json\/wp\/v2\/categories?post=161"},{"taxonomy":"post_tag","embeddable":true,"href":"https:\/\/irla.cat\/casairla\/wp-json\/wp\/v2\/tags?post=161"}],"curies":[{"name":"wp","href":"https:\/\/api.w.org\/{rel}","templated":true}]}}