{"id":1560,"date":"2021-11-08T09:00:00","date_gmt":"2021-11-08T08:00:00","guid":{"rendered":"https:\/\/irla.cat\/casairla\/?p=1560"},"modified":"2021-11-22T23:12:17","modified_gmt":"2021-11-22T22:12:17","slug":"dissabte-dia-13-de-novembre-a-les-19-h-inaugurem-lexposicio-de-antoine-chuecos-que-porta-per-titol-cortada","status":"publish","type":"post","link":"https:\/\/irla.cat\/casairla\/2021\/11\/08\/dissabte-dia-13-de-novembre-a-les-19-h-inaugurem-lexposicio-de-antoine-chuecos-que-porta-per-titol-cortada\/","title":{"rendered":"Dissabte dia 13 de novembre a les 19 h inaugurem l&#8217;exposici\u00f3  #corTada"},"content":{"rendered":"\n<p>Del 13 de novembre al 9 de gener podreu veure a la Casa Irla l&#8217;exposici\u00f3 de Antoine Chuecos que porta per t\u00edtol #corTada.<\/p>\n\n\n\n<p>Antoine Chuecos \u00e9s un artista multidisciplinari que treballa sense complexos i segons el seu humor el dibuix, l\u2019escultura, la m\u00fasica i l\u2019escriptura mentre s\u2019autodefineix com un somiador a temps complet.<\/p>\n\n\n\n<p>Aqu\u00ed ens presenta una obra de dibuixos tallats executada amb pintura a l\u2019oli sobrepaper i ens revela un camp de treball en el centre del qual es troba, als seus ulls, l\u2019incomprensible i, no obstant aix\u00f2, essencial: L\u2019\u00e9sser hum\u00e0.<br><\/p>\n\n\n\n<p>Aquests dibuixos, mai exposats, s\u00f3n el resultat d\u2019un projecte desenvolupat sobre el tema &#8220;desestructurar \u00e9s construir&#8221;.<\/p>\n\n\n\n<p>La seva traject\u00f2ria, la seva filosofia aposten que humanisme i minimalisme s\u00f3n unes eines capaces de comunicar i generar emocions.<\/p>\n\n\n\n<p>La seva obra es basa en el convenciment que l\u2019\u00fanica creaci\u00f3 interessant \u00e9s l\u2019emocionant, en el valor del pas del temps. I ens diu amb un somriure&#8230; &#8220;Amb aquest treballvaig adquirir la condici\u00f3 d\u2019assass\u00ed en s\u00e8rie inofensiu per haver tallat a diverses dones nues&#8221;.<\/p>\n\n\n\n<p>Una exposici\u00f3 per a veure.<\/p>\n\n\n\n<p><\/p>\n","protected":false},"excerpt":{"rendered":"<p>Del 13 de novembre al 9 de gener podreu veure a la Casa Irla l&#8217;exposici\u00f3 de Antoine Chuecos  #corTada.<\/p>\n","protected":false},"author":1,"featured_media":1561,"comment_status":"closed","ping_status":"closed","sticky":false,"template":"","format":"standard","meta":{"footnotes":""},"categories":[1],"tags":[],"class_list":["post-1560","post","type-post","status-publish","format-standard","has-post-thumbnail","hentry","category-general"],"_links":{"self":[{"href":"https:\/\/irla.cat\/casairla\/wp-json\/wp\/v2\/posts\/1560","targetHints":{"allow":["GET"]}}],"collection":[{"href":"https:\/\/irla.cat\/casairla\/wp-json\/wp\/v2\/posts"}],"about":[{"href":"https:\/\/irla.cat\/casairla\/wp-json\/wp\/v2\/types\/post"}],"author":[{"embeddable":true,"href":"https:\/\/irla.cat\/casairla\/wp-json\/wp\/v2\/users\/1"}],"replies":[{"embeddable":true,"href":"https:\/\/irla.cat\/casairla\/wp-json\/wp\/v2\/comments?post=1560"}],"version-history":[{"count":2,"href":"https:\/\/irla.cat\/casairla\/wp-json\/wp\/v2\/posts\/1560\/revisions"}],"predecessor-version":[{"id":1567,"href":"https:\/\/irla.cat\/casairla\/wp-json\/wp\/v2\/posts\/1560\/revisions\/1567"}],"wp:featuredmedia":[{"embeddable":true,"href":"https:\/\/irla.cat\/casairla\/wp-json\/wp\/v2\/media\/1561"}],"wp:attachment":[{"href":"https:\/\/irla.cat\/casairla\/wp-json\/wp\/v2\/media?parent=1560"}],"wp:term":[{"taxonomy":"category","embeddable":true,"href":"https:\/\/irla.cat\/casairla\/wp-json\/wp\/v2\/categories?post=1560"},{"taxonomy":"post_tag","embeddable":true,"href":"https:\/\/irla.cat\/casairla\/wp-json\/wp\/v2\/tags?post=1560"}],"curies":[{"name":"wp","href":"https:\/\/api.w.org\/{rel}","templated":true}]}}