{"id":155,"date":"2014-01-09T16:30:28","date_gmt":"2014-01-09T15:30:28","guid":{"rendered":"http:\/\/www.irla.cat\/casairla\/?p=155"},"modified":"2017-03-15T00:46:07","modified_gmt":"2017-03-14T23:46:07","slug":"exposicio-homenatge-a-alexandre-matas","status":"publish","type":"post","link":"https:\/\/irla.cat\/casairla\/2014\/01\/09\/exposicio-homenatge-a-alexandre-matas\/","title":{"rendered":"Exposici\u00f3-homenatge a Alexandre Matas"},"content":{"rendered":"<p>Diumenge 12 de gener vam donar per inaugurada oficialment la nova temporada d&#8217;hivern-primavera 2014<!--more-->La nova tempara es va inaugurar amb l&#8217;exposici\u00f3 d&#8217;homenatge a l&#8217;Alexandre Matas. De la m\u00e0 de la Vict\u00f2ria Vega, companya de Matas els darrers anys de la seva vida us podem oferir a la Casa Irla una gran repertori d&#8217;obres d&#8217;aquest gran artista com feia molt temps que no es veia a la nostra ciutat.<\/p>\n<p>Els assistents a la inauguraci\u00f3 de l&#8217;exposici\u00f3 van quedar meravellats en poder contemplar tanta obra d&#8217;en Matas junta i de tanta qualitat.<\/p>\n<p>D&#8217;aquesta manera la Vict\u00f2ria compleix el desig del gran Matas, com diu ella, fent que la seva ciutat no l&#8217;oblidi i pugui continuar gaudint de les seves creacions.<\/p>\n<p><img loading=\"lazy\" decoding=\"async\" class=\"aligncenter size-full wp-image-157\" src=\"http:\/\/www.irla.cat\/casairla\/wp-content\/uploads\/2017\/03\/Exposicio\u0301-Homenatge-Alexandre-Matas-02.jpg\" alt=\"\" width=\"533\" height=\"400\" srcset=\"https:\/\/irla.cat\/casairla\/wp-content\/uploads\/2017\/03\/Exposicio\u0301-Homenatge-Alexandre-Matas-02.jpg 533w, https:\/\/irla.cat\/casairla\/wp-content\/uploads\/2017\/03\/Exposicio\u0301-Homenatge-Alexandre-Matas-02-300x225.jpg 300w\" sizes=\"auto, (max-width: 533px) 100vw, 533px\" \/><\/p>\n","protected":false},"excerpt":{"rendered":"<p>Diumenge 12 de gener vam donar per inaugurada oficialment la nova temporada d&#8217;hivern-primavera 2014<\/p>\n","protected":false},"author":1,"featured_media":197,"comment_status":"open","ping_status":"open","sticky":false,"template":"template-centered.php","format":"standard","meta":{"footnotes":""},"categories":[1],"tags":[],"class_list":["post-155","post","type-post","status-publish","format-standard","has-post-thumbnail","hentry","category-general"],"_links":{"self":[{"href":"https:\/\/irla.cat\/casairla\/wp-json\/wp\/v2\/posts\/155","targetHints":{"allow":["GET"]}}],"collection":[{"href":"https:\/\/irla.cat\/casairla\/wp-json\/wp\/v2\/posts"}],"about":[{"href":"https:\/\/irla.cat\/casairla\/wp-json\/wp\/v2\/types\/post"}],"author":[{"embeddable":true,"href":"https:\/\/irla.cat\/casairla\/wp-json\/wp\/v2\/users\/1"}],"replies":[{"embeddable":true,"href":"https:\/\/irla.cat\/casairla\/wp-json\/wp\/v2\/comments?post=155"}],"version-history":[{"count":1,"href":"https:\/\/irla.cat\/casairla\/wp-json\/wp\/v2\/posts\/155\/revisions"}],"predecessor-version":[{"id":158,"href":"https:\/\/irla.cat\/casairla\/wp-json\/wp\/v2\/posts\/155\/revisions\/158"}],"wp:featuredmedia":[{"embeddable":true,"href":"https:\/\/irla.cat\/casairla\/wp-json\/wp\/v2\/media\/197"}],"wp:attachment":[{"href":"https:\/\/irla.cat\/casairla\/wp-json\/wp\/v2\/media?parent=155"}],"wp:term":[{"taxonomy":"category","embeddable":true,"href":"https:\/\/irla.cat\/casairla\/wp-json\/wp\/v2\/categories?post=155"},{"taxonomy":"post_tag","embeddable":true,"href":"https:\/\/irla.cat\/casairla\/wp-json\/wp\/v2\/tags?post=155"}],"curies":[{"name":"wp","href":"https:\/\/api.w.org\/{rel}","templated":true}]}}