{"id":1547,"date":"2021-10-14T08:32:47","date_gmt":"2021-10-14T06:32:47","guid":{"rendered":"https:\/\/irla.cat\/casairla\/?p=1547"},"modified":"2021-10-15T08:58:15","modified_gmt":"2021-10-15T06:58:15","slug":"dissabte-19-doctubre-a-les-19-h-a-la-casa-irla-presentem-el-llibre-pegasus-de-roger-torrent","status":"publish","type":"post","link":"https:\/\/irla.cat\/casairla\/2021\/10\/14\/dissabte-19-doctubre-a-les-19-h-a-la-casa-irla-presentem-el-llibre-pegasus-de-roger-torrent\/","title":{"rendered":"Dissabte 16 d&#8217;octubre a les 19 h a la Casa Irla presentem el llibre &#8220;Pegasus&#8221; de Roger Torrent"},"content":{"rendered":"\n<p>El proper dissabte dia 16 d&#8217;octubre a les 19 h a la Casa Irla de Sant Feliu de Gu\u00edxols presentem el llibre &#8220;Pegasus&#8221; de Roger Torrent.<\/p>\n\n\n\n<p>Una investigaci\u00f3 period\u00edstica internacional fa saltar totes les alarmes: el president del Parlament de Catalunya ha estat espiat. Un cas ver\u00eddic que es llegeix com un thriller. 6 de juliol. Dilluns. 11.42h. Un correu inquietant entra a la b\u00fastia del gabinet del Parlament. <\/p>\n\n\n\n<p>El periodista que l\u2019envia desvela que el president, Roger Torrent, ha estat v\u00edctima de ciberespionatge: el seu m\u00f2bil ha estat infectat per un programa anomenat Pegasus.<\/p>\n\n\n\n<p>Es destapa aix\u00ed una trama de conspiraci\u00f3 que no coneix fronteres i que ens demostra com de vulnerables podem ser quan violen la nostra intimitat. Des del desert d\u2019Israel a Sillicon Valley passant per M\u00e8xic i el Canad\u00e0, aquest relat ple d\u2019acci\u00f3, intriga i girs inesperats, ens submergeix en l\u2019ala oest del Parlament i ens alerta de l\u2019impacte de la tecnologia en les nostres vides. M\u00f2bils intervinguts, escoltes il\u00b7legals, dispositius de vigil\u00e0ncia permanent, hackers a sou, serveis d\u2019intel\u00b7lig\u00e8ncia, comissions governamentals secretes, organitzacions de contra- espionatge, magnats de les tecnologies\u2026<\/p>\n\n\n\n<p>Tots els ingredients de les millors ficcions tenen un paper clau en aquesta hist\u00f2ria real. Qui voldria posar en marxa un complot d\u2019aquesta magnitud? Sens dubte, alg\u00fa que sap molt b\u00e9 que la informaci\u00f3 \u00e9s poder.<\/p>\n\n\n\n<p><\/p>\n","protected":false},"excerpt":{"rendered":"<p>Dissabte dia 19 d&#8217;octubre a les 19 h a la Casa Irla de Sant Feliu de Gu\u00edxols presentem el llibre &#8220;Pegasus&#8221; de Roger Torrent.<\/p>\n","protected":false},"author":1,"featured_media":1553,"comment_status":"closed","ping_status":"closed","sticky":false,"template":"","format":"standard","meta":{"footnotes":""},"categories":[1],"tags":[],"class_list":["post-1547","post","type-post","status-publish","format-standard","has-post-thumbnail","hentry","category-general"],"_links":{"self":[{"href":"https:\/\/irla.cat\/casairla\/wp-json\/wp\/v2\/posts\/1547","targetHints":{"allow":["GET"]}}],"collection":[{"href":"https:\/\/irla.cat\/casairla\/wp-json\/wp\/v2\/posts"}],"about":[{"href":"https:\/\/irla.cat\/casairla\/wp-json\/wp\/v2\/types\/post"}],"author":[{"embeddable":true,"href":"https:\/\/irla.cat\/casairla\/wp-json\/wp\/v2\/users\/1"}],"replies":[{"embeddable":true,"href":"https:\/\/irla.cat\/casairla\/wp-json\/wp\/v2\/comments?post=1547"}],"version-history":[{"count":2,"href":"https:\/\/irla.cat\/casairla\/wp-json\/wp\/v2\/posts\/1547\/revisions"}],"predecessor-version":[{"id":1550,"href":"https:\/\/irla.cat\/casairla\/wp-json\/wp\/v2\/posts\/1547\/revisions\/1550"}],"wp:featuredmedia":[{"embeddable":true,"href":"https:\/\/irla.cat\/casairla\/wp-json\/wp\/v2\/media\/1553"}],"wp:attachment":[{"href":"https:\/\/irla.cat\/casairla\/wp-json\/wp\/v2\/media?parent=1547"}],"wp:term":[{"taxonomy":"category","embeddable":true,"href":"https:\/\/irla.cat\/casairla\/wp-json\/wp\/v2\/categories?post=1547"},{"taxonomy":"post_tag","embeddable":true,"href":"https:\/\/irla.cat\/casairla\/wp-json\/wp\/v2\/tags?post=1547"}],"curies":[{"name":"wp","href":"https:\/\/api.w.org\/{rel}","templated":true}]}}