{"id":1534,"date":"2021-10-04T10:18:15","date_gmt":"2021-10-04T08:18:15","guid":{"rendered":"https:\/\/irla.cat\/casairla\/?p=1534"},"modified":"2021-10-04T12:07:56","modified_gmt":"2021-10-04T10:07:56","slug":"feminisme-i-la-lluita-per-la-igualtat","status":"publish","type":"post","link":"https:\/\/irla.cat\/casairla\/2021\/10\/04\/feminisme-i-la-lluita-per-la-igualtat\/","title":{"rendered":"Jornada Feminisme i la lluita per la igualtat a la Casa Irla"},"content":{"rendered":"\n<p>Dissabte 9 d&#8217;octubre de 9:30 h a 13:30 h a la Casa Irla primera jornada del cicle sobre Moviments socials i reptes de futur. <\/p>\n\n\n\n<p><\/p>\n\n\n\n<p>El proper dissabte dia 9 d&#8217;octubre de 9:30 h a 13:30 h la Fundaci\u00f3 Josep Irla organitza a la Casa Irla de Sant Feliu de Gu\u00edxols la primera jornada del cicle sobre Moviments socials i reptes de futur.<\/p>\n\n\n\n<p>Un projecte de la fundaci\u00f3 a les Comarques Gironines i que porta per t\u00edtol &#8220;Feminisme i la lluita per la igualtat&#8221;.<\/p>\n\n\n\n<p><\/p>\n\n\n\n<p>La jornada comptar\u00e0 amb la participaci\u00f3 de la coordinadora del projecte, Dolor Bassa i acabar\u00e0 amb un debat amb diferents entitats feministes i una taula rodona amb la participaci\u00f3 de la doctora en sociologia Cristina S\u00e1nchez Miret i de la psic\u00f2loga i divulgadora Alba Alfageme<\/p>\n\n\n\n<p>Podeu fer les inscripcions clicant <a rel=\"noreferrer noopener\" href=\"https:\/\/creixem.irla.cat\/civicrm\/event\/register?id=65&amp;reset=1\" target=\"_blank\">aqu\u00ed<\/a><\/p>\n\n\n\n<p><\/p>\n","protected":false},"excerpt":{"rendered":"<p>Dissabte 9 d\u2019octubre de 9:30 h a 13:30 h a la Casa Irla primera jornada del cicle sobre Moviments socials i reptes de futur.<\/p>\n","protected":false},"author":1,"featured_media":1535,"comment_status":"closed","ping_status":"closed","sticky":false,"template":"","format":"standard","meta":{"footnotes":""},"categories":[1],"tags":[],"class_list":["post-1534","post","type-post","status-publish","format-standard","has-post-thumbnail","hentry","category-general"],"_links":{"self":[{"href":"https:\/\/irla.cat\/casairla\/wp-json\/wp\/v2\/posts\/1534","targetHints":{"allow":["GET"]}}],"collection":[{"href":"https:\/\/irla.cat\/casairla\/wp-json\/wp\/v2\/posts"}],"about":[{"href":"https:\/\/irla.cat\/casairla\/wp-json\/wp\/v2\/types\/post"}],"author":[{"embeddable":true,"href":"https:\/\/irla.cat\/casairla\/wp-json\/wp\/v2\/users\/1"}],"replies":[{"embeddable":true,"href":"https:\/\/irla.cat\/casairla\/wp-json\/wp\/v2\/comments?post=1534"}],"version-history":[{"count":6,"href":"https:\/\/irla.cat\/casairla\/wp-json\/wp\/v2\/posts\/1534\/revisions"}],"predecessor-version":[{"id":1541,"href":"https:\/\/irla.cat\/casairla\/wp-json\/wp\/v2\/posts\/1534\/revisions\/1541"}],"wp:featuredmedia":[{"embeddable":true,"href":"https:\/\/irla.cat\/casairla\/wp-json\/wp\/v2\/media\/1535"}],"wp:attachment":[{"href":"https:\/\/irla.cat\/casairla\/wp-json\/wp\/v2\/media?parent=1534"}],"wp:term":[{"taxonomy":"category","embeddable":true,"href":"https:\/\/irla.cat\/casairla\/wp-json\/wp\/v2\/categories?post=1534"},{"taxonomy":"post_tag","embeddable":true,"href":"https:\/\/irla.cat\/casairla\/wp-json\/wp\/v2\/tags?post=1534"}],"curies":[{"name":"wp","href":"https:\/\/api.w.org\/{rel}","templated":true}]}}