{"id":1524,"date":"2021-09-22T11:40:23","date_gmt":"2021-09-22T09:40:23","guid":{"rendered":"https:\/\/irla.cat\/casairla\/?p=1524"},"modified":"2021-09-22T11:55:08","modified_gmt":"2021-09-22T09:55:08","slug":"dissabte-25-de-setembre-inauguracio-de-lexposiciofes-punta-al-llapis-de-carles-bros","status":"publish","type":"post","link":"https:\/\/irla.cat\/casairla\/2021\/09\/22\/dissabte-25-de-setembre-inauguracio-de-lexposiciofes-punta-al-llapis-de-carles-bros\/","title":{"rendered":"Dissabte 25 de setembre inauguraci\u00f3 de l&#8217;exposici\u00f3 &#8220;Fes punta al llapis&#8221; de Carles Bros"},"content":{"rendered":"\n<p>El proper dissabte dia 25 de setembre a les 19 h inaugurem a la Casa Irla l&#8217;exposici\u00f3 de Carles Bros que porta per t\u00edtol &#8220;Fes punta al llapis&#8221;.<\/p>\n\n\n\n<p>Aquesta exposici\u00f3, \u201cFes punta al llapis\u201d, \u00e9s un homenatge al llapis, ara que tothom escriu amb un ordinador o amb un tel\u00e8fon.<\/p>\n\n\n\n<p>L\u2019exposici\u00f3, t\u00e9 una doble lectura:<\/p>\n\n\n\n<p>&#8211; Les escultures de llapis i flocs, que representen la part humana, que tots hem fet de petits.<\/p>\n\n\n\n<p>&#8211; Les obres pict\u00f2riques, que representen el futur. <\/p>\n\n\n\n<p>A partir del mineral flexible de la mina del llapis, han trobat una composici\u00f3 d\u2019\u00e0toms, que \u00e9s el grafit (graf\u00e8). Per tant els quadres en blanc i negre, estant pintats, amb grafit. Amb el grafit, es fabriquen els actuals tel\u00e8fons m\u00f2bils, material quir\u00fargic.<\/p>\n\n\n\n<p>De grafit, hi ha molt, pot substituir el pl\u00e0stic, \u00e9s reciclable. \u00c9s el futur. Un dia, vaig fer punta al llapis i vaig escriure: Fes punta al llapis, observa\u2026<\/p>\n\n\n\n<p><\/p>\n","protected":false},"excerpt":{"rendered":"<p>El proper dissabte dia 25 de setembre a les 19 h inaugurem a la Casa Irla l&#8217;exposici\u00f3 de Carles Bros que porta per t\u00edtol &#8220;Fes punta al llapis&#8221;.<\/p>\n","protected":false},"author":1,"featured_media":1532,"comment_status":"closed","ping_status":"closed","sticky":false,"template":"","format":"standard","meta":{"footnotes":""},"categories":[1],"tags":[],"class_list":["post-1524","post","type-post","status-publish","format-standard","has-post-thumbnail","hentry","category-general"],"_links":{"self":[{"href":"https:\/\/irla.cat\/casairla\/wp-json\/wp\/v2\/posts\/1524","targetHints":{"allow":["GET"]}}],"collection":[{"href":"https:\/\/irla.cat\/casairla\/wp-json\/wp\/v2\/posts"}],"about":[{"href":"https:\/\/irla.cat\/casairla\/wp-json\/wp\/v2\/types\/post"}],"author":[{"embeddable":true,"href":"https:\/\/irla.cat\/casairla\/wp-json\/wp\/v2\/users\/1"}],"replies":[{"embeddable":true,"href":"https:\/\/irla.cat\/casairla\/wp-json\/wp\/v2\/comments?post=1524"}],"version-history":[{"count":3,"href":"https:\/\/irla.cat\/casairla\/wp-json\/wp\/v2\/posts\/1524\/revisions"}],"predecessor-version":[{"id":1530,"href":"https:\/\/irla.cat\/casairla\/wp-json\/wp\/v2\/posts\/1524\/revisions\/1530"}],"wp:featuredmedia":[{"embeddable":true,"href":"https:\/\/irla.cat\/casairla\/wp-json\/wp\/v2\/media\/1532"}],"wp:attachment":[{"href":"https:\/\/irla.cat\/casairla\/wp-json\/wp\/v2\/media?parent=1524"}],"wp:term":[{"taxonomy":"category","embeddable":true,"href":"https:\/\/irla.cat\/casairla\/wp-json\/wp\/v2\/categories?post=1524"},{"taxonomy":"post_tag","embeddable":true,"href":"https:\/\/irla.cat\/casairla\/wp-json\/wp\/v2\/tags?post=1524"}],"curies":[{"name":"wp","href":"https:\/\/api.w.org\/{rel}","templated":true}]}}