{"id":1514,"date":"2021-09-17T08:43:57","date_gmt":"2021-09-17T06:43:57","guid":{"rendered":"https:\/\/irla.cat\/casairla\/?p=1514"},"modified":"2021-09-17T08:45:38","modified_gmt":"2021-09-17T06:45:38","slug":"dissabte-dia-18-de-setembre-a-les-19-h-presentacio-adel-llibre-em-faig-nit-fragil-de-oleguer-llongueras","status":"publish","type":"post","link":"https:\/\/irla.cat\/casairla\/2021\/09\/17\/dissabte-dia-18-de-setembre-a-les-19-h-presentacio-adel-llibre-em-faig-nit-fragil-de-oleguer-llongueras\/","title":{"rendered":"Dissabte 18 de setembre presentaci\u00f3 d'&#8221;Em faig nit fr\u00e0gil&#8221; de Oleguer Llongueras"},"content":{"rendered":"\n<p>Dissabte dia 18 de setembre a les 19 h presentem a la Casa Irla Irla de Sant Feliu de Gu\u00edxols el llibre &#8220;Em faig nit fr\u00e0gil&#8221; de Oleguer Llongueras. <\/p>\n\n\n\n<p>La presentaci\u00f3 anir\u00e0 a de Pilar Gir\u00f3 junt o dels fills de l&#8217;autor Igor i Pol.<\/p>\n\n\n\n<p>Oleguer Llongueras va morir el 2009 sense haver publicat res. Onze anys despr\u00e9s, els seus fills, Igor i Pol, recullen la seva obra po\u00e8tica en aquesta antologia que ha tingut una molt bona rebuda cr\u00edtica.<\/p>\n\n\n\n<p>\u201c\u00c9s una poesia vitalista, d\u2019exilis i autoexilis, de comprom\u00eds amb la vida, en estricte format de vers.\u201d<br>DAVID CASTILLO, poeta i periodista.<\/p>\n\n\n\n<p>\u201cI tant que n\u2019era, de poeta. Definitivament.\u201d<br>JOSEP MARIA FULQUET, poeta, premi Carles Riba 2017<\/p>\n\n\n\n<p>\u201cMolt sorpr\u00e8s de l\u2019alt\u00edssima qualitat del volum. Els aforismes finals, s\u00f3n extraordinaris.\u201d<br>QUIM TORRA, 131\u00e8 president de la Generalitat i editor<\/p>\n\n\n\n<p>\u201cUna del\u00edcia.\u201d<br>FRANCESC CANOSA, periodista<\/p>\n\n\n\n<p><\/p>\n","protected":false},"excerpt":{"rendered":"<p>Dissabte dia 18 de setembre a les 19 h presentem a la Casa Irla Irla de Sant Feliu de Gu\u00edxols el llibre &#8220;Em faig nit fr\u00e0gil&#8221; de Oleguer Llongueras. <\/p>\n","protected":false},"author":1,"featured_media":1516,"comment_status":"closed","ping_status":"closed","sticky":false,"template":"","format":"standard","meta":{"footnotes":""},"categories":[1],"tags":[],"class_list":["post-1514","post","type-post","status-publish","format-standard","has-post-thumbnail","hentry","category-general"],"_links":{"self":[{"href":"https:\/\/irla.cat\/casairla\/wp-json\/wp\/v2\/posts\/1514","targetHints":{"allow":["GET"]}}],"collection":[{"href":"https:\/\/irla.cat\/casairla\/wp-json\/wp\/v2\/posts"}],"about":[{"href":"https:\/\/irla.cat\/casairla\/wp-json\/wp\/v2\/types\/post"}],"author":[{"embeddable":true,"href":"https:\/\/irla.cat\/casairla\/wp-json\/wp\/v2\/users\/1"}],"replies":[{"embeddable":true,"href":"https:\/\/irla.cat\/casairla\/wp-json\/wp\/v2\/comments?post=1514"}],"version-history":[{"count":6,"href":"https:\/\/irla.cat\/casairla\/wp-json\/wp\/v2\/posts\/1514\/revisions"}],"predecessor-version":[{"id":1523,"href":"https:\/\/irla.cat\/casairla\/wp-json\/wp\/v2\/posts\/1514\/revisions\/1523"}],"wp:featuredmedia":[{"embeddable":true,"href":"https:\/\/irla.cat\/casairla\/wp-json\/wp\/v2\/media\/1516"}],"wp:attachment":[{"href":"https:\/\/irla.cat\/casairla\/wp-json\/wp\/v2\/media?parent=1514"}],"wp:term":[{"taxonomy":"category","embeddable":true,"href":"https:\/\/irla.cat\/casairla\/wp-json\/wp\/v2\/categories?post=1514"},{"taxonomy":"post_tag","embeddable":true,"href":"https:\/\/irla.cat\/casairla\/wp-json\/wp\/v2\/tags?post=1514"}],"curies":[{"name":"wp","href":"https:\/\/api.w.org\/{rel}","templated":true}]}}