{"id":1500,"date":"2021-09-14T08:22:56","date_gmt":"2021-09-14T06:22:56","guid":{"rendered":"https:\/\/irla.cat\/casairla\/?p=1500"},"modified":"2021-09-14T08:24:49","modified_gmt":"2021-09-14T06:24:49","slug":"el-president-pere-aragones-visita-la-casa-irla-per-la-diada","status":"publish","type":"post","link":"https:\/\/irla.cat\/casairla\/2021\/09\/14\/el-president-pere-aragones-visita-la-casa-irla-per-la-diada\/","title":{"rendered":"El president Pere Aragon\u00e8s visita la Casa Irla per la Diada"},"content":{"rendered":"\n<p>Pere Aragon\u00e8s va visitar la Casa Irla de Sant Feliu de Gu\u00edxols l&#8217;11 de setembre i va participar en l&#8217;homenatge al president Josep Irla.<\/p>\n\n\n\n<p>El president de la Generalitat, Pere Aragon\u00e8s va afirmar que \u201c<strong>la perseveran\u00e7a an\u00f2nima i\u00a0 el comprom\u00eds ciutad\u00e0\u201d,<\/strong>\u00a0s\u00f3n els valors que conformen una naci\u00f3, i aquesta \u201c<strong>\u00e9s m\u00e9s que una bandera, \u00e9s un projecte de futur, de drets i llibertats, on tothom es pugui sentir orgull\u00f3s del pa\u00eds del qual forma part, i, per aix\u00f2, hem de tenir totes les eines, que vol dir la Rep\u00fablica catalana, i ho hem de fer sumant \u00e0mplies majories i posant el projecte de pa\u00eds al servei de tothom\u201d.<\/strong><\/p>\n\n\n\n<p>Pere Aragon\u00e8s va posar com a exemple d\u2019aquest comprom\u00eds c\u00edvic inequ\u00edvoc al que fou president de la Generalitat, Josep Irla, a qui va homenatjar dipositant una ofrena floral davant la seva tomba, al cementiri municipal de Sant Feliu de Gu\u00edxols.<\/p>\n\n\n\n<p>Per al president, \u201c<strong>Josep Irla representa la continu\u00eftat hist\u00f2rica que ha tingut la Generalitat de Catalunya, que va resistir en els moments m\u00e9s dif\u00edcils<\/strong>\u201d, i \u00e9s tamb\u00e9\u00a0<strong>\u201cel republic\u00e0 progressista, catalanista conven\u00e7ut, que sempre va treballar pels m\u00e9s febles de la societat\u201d. \u00a0\u201cEl catalanisme en el seu conjunt i els valors republicans en particular s\u00f3n aqueta baula hist\u00f2rica que vol la llibertat del nostre pa\u00eds per posar-la al servei de la majoria, especialment dels que m\u00e9s pateixen les desigualtat i opressions\u201d<\/strong>.<\/p>\n\n\n\n<p>I va precisar: \u201c<strong>una naci\u00f3 \u00e9s sobretot futur, estar al servei de la seva gent;\u00a0 la p\u00e0tria s\u00f3n les persones, la igualtat entre les persones, i per aix\u00f2 volem tenir totes les eines, assolir-les democr\u00e0ticament, reconeguts per la comunitat internacional, i fer aquesta Rep\u00fablica catalana\u201d<\/strong>. \u201c<strong>Que l\u2019exemple de Josep Irla ens gui\u00ef en aquets comprom\u00eds\u201d<\/strong>.<\/p>\n\n\n\n<figure class=\"wp-block-image size-full\"><img loading=\"lazy\" decoding=\"async\" width=\"350\" height=\"250\" src=\"https:\/\/irla.cat\/casairla\/wp-content\/uploads\/2021\/09\/Aragone\u0300s-Casa-Irla-02.jpg\" alt=\"\" class=\"wp-image-1503\" srcset=\"https:\/\/irla.cat\/casairla\/wp-content\/uploads\/2021\/09\/Aragone\u0300s-Casa-Irla-02.jpg 350w, https:\/\/irla.cat\/casairla\/wp-content\/uploads\/2021\/09\/Aragone\u0300s-Casa-Irla-02-300x214.jpg 300w\" sizes=\"auto, (max-width: 350px) 100vw, 350px\" \/><\/figure>\n\n\n\n<figure class=\"wp-block-image size-full\"><img loading=\"lazy\" decoding=\"async\" width=\"350\" height=\"250\" src=\"https:\/\/irla.cat\/casairla\/wp-content\/uploads\/2021\/09\/Aragone\u0300s-Casa-Irla-03.jpg\" alt=\"\" class=\"wp-image-1506\" srcset=\"https:\/\/irla.cat\/casairla\/wp-content\/uploads\/2021\/09\/Aragone\u0300s-Casa-Irla-03.jpg 350w, https:\/\/irla.cat\/casairla\/wp-content\/uploads\/2021\/09\/Aragone\u0300s-Casa-Irla-03-300x214.jpg 300w\" sizes=\"auto, (max-width: 350px) 100vw, 350px\" \/><\/figure>\n\n\n\n<figure class=\"wp-block-image size-full\"><img loading=\"lazy\" decoding=\"async\" width=\"350\" height=\"250\" src=\"https:\/\/irla.cat\/casairla\/wp-content\/uploads\/2021\/09\/Aragone\u0300s-Casa-Irla-04.jpg\" alt=\"\" class=\"wp-image-1507\" srcset=\"https:\/\/irla.cat\/casairla\/wp-content\/uploads\/2021\/09\/Aragone\u0300s-Casa-Irla-04.jpg 350w, https:\/\/irla.cat\/casairla\/wp-content\/uploads\/2021\/09\/Aragone\u0300s-Casa-Irla-04-300x214.jpg 300w\" sizes=\"auto, (max-width: 350px) 100vw, 350px\" \/><\/figure>\n\n\n\n<figure class=\"wp-block-image size-full\"><img loading=\"lazy\" decoding=\"async\" width=\"350\" height=\"250\" src=\"https:\/\/irla.cat\/casairla\/wp-content\/uploads\/2021\/09\/Aragone\u0300s-Casa-Irla-05.jpg\" alt=\"\" class=\"wp-image-1508\" srcset=\"https:\/\/irla.cat\/casairla\/wp-content\/uploads\/2021\/09\/Aragone\u0300s-Casa-Irla-05.jpg 350w, https:\/\/irla.cat\/casairla\/wp-content\/uploads\/2021\/09\/Aragone\u0300s-Casa-Irla-05-300x214.jpg 300w\" sizes=\"auto, (max-width: 350px) 100vw, 350px\" \/><\/figure>\n\n\n\n<figure class=\"wp-block-image size-full\"><img loading=\"lazy\" decoding=\"async\" width=\"350\" height=\"250\" src=\"https:\/\/irla.cat\/casairla\/wp-content\/uploads\/2021\/09\/Aragone\u0300s-Casa-Irla-06.jpg\" alt=\"\" class=\"wp-image-1510\" srcset=\"https:\/\/irla.cat\/casairla\/wp-content\/uploads\/2021\/09\/Aragone\u0300s-Casa-Irla-06.jpg 350w, https:\/\/irla.cat\/casairla\/wp-content\/uploads\/2021\/09\/Aragone\u0300s-Casa-Irla-06-300x214.jpg 300w\" sizes=\"auto, (max-width: 350px) 100vw, 350px\" \/><\/figure>\n\n\n\n<figure class=\"wp-block-image size-full\"><img loading=\"lazy\" decoding=\"async\" width=\"350\" height=\"250\" src=\"https:\/\/irla.cat\/casairla\/wp-content\/uploads\/2021\/09\/Aragone\u0300s-Casa-Irla-07.jpg\" alt=\"\" class=\"wp-image-1511\" srcset=\"https:\/\/irla.cat\/casairla\/wp-content\/uploads\/2021\/09\/Aragone\u0300s-Casa-Irla-07.jpg 350w, https:\/\/irla.cat\/casairla\/wp-content\/uploads\/2021\/09\/Aragone\u0300s-Casa-Irla-07-300x214.jpg 300w\" sizes=\"auto, (max-width: 350px) 100vw, 350px\" \/><\/figure>\n","protected":false},"excerpt":{"rendered":"<p>Pere Aragon\u00e8s va visitar la Casa Irla de Sant Feliu de Gu\u00edxols l&#8217;11 de setembre i va participar en l&#8217;homenatge al president Josep Irla.<\/p>\n","protected":false},"author":1,"featured_media":1501,"comment_status":"closed","ping_status":"closed","sticky":false,"template":"","format":"standard","meta":{"footnotes":""},"categories":[1],"tags":[],"class_list":["post-1500","post","type-post","status-publish","format-standard","has-post-thumbnail","hentry","category-general"],"_links":{"self":[{"href":"https:\/\/irla.cat\/casairla\/wp-json\/wp\/v2\/posts\/1500","targetHints":{"allow":["GET"]}}],"collection":[{"href":"https:\/\/irla.cat\/casairla\/wp-json\/wp\/v2\/posts"}],"about":[{"href":"https:\/\/irla.cat\/casairla\/wp-json\/wp\/v2\/types\/post"}],"author":[{"embeddable":true,"href":"https:\/\/irla.cat\/casairla\/wp-json\/wp\/v2\/users\/1"}],"replies":[{"embeddable":true,"href":"https:\/\/irla.cat\/casairla\/wp-json\/wp\/v2\/comments?post=1500"}],"version-history":[{"count":3,"href":"https:\/\/irla.cat\/casairla\/wp-json\/wp\/v2\/posts\/1500\/revisions"}],"predecessor-version":[{"id":1512,"href":"https:\/\/irla.cat\/casairla\/wp-json\/wp\/v2\/posts\/1500\/revisions\/1512"}],"wp:featuredmedia":[{"embeddable":true,"href":"https:\/\/irla.cat\/casairla\/wp-json\/wp\/v2\/media\/1501"}],"wp:attachment":[{"href":"https:\/\/irla.cat\/casairla\/wp-json\/wp\/v2\/media?parent=1500"}],"wp:term":[{"taxonomy":"category","embeddable":true,"href":"https:\/\/irla.cat\/casairla\/wp-json\/wp\/v2\/categories?post=1500"},{"taxonomy":"post_tag","embeddable":true,"href":"https:\/\/irla.cat\/casairla\/wp-json\/wp\/v2\/tags?post=1500"}],"curies":[{"name":"wp","href":"https:\/\/api.w.org\/{rel}","templated":true}]}}