{"id":148,"date":"2014-01-07T16:24:10","date_gmt":"2014-01-07T15:24:10","guid":{"rendered":"http:\/\/www.irla.cat\/casairla\/?p=148"},"modified":"2017-03-15T00:44:40","modified_gmt":"2017-03-14T23:44:40","slug":"nova-programacio-hivern-primavera-2014","status":"publish","type":"post","link":"https:\/\/irla.cat\/casairla\/2014\/01\/07\/nova-programacio-hivern-primavera-2014\/","title":{"rendered":"Nova programaci\u00f3 Hivern-Primavera 2014"},"content":{"rendered":"<p>Iniciem la nova programaci\u00f3 d\u2019hivern-primavera 2014<!--more--><\/p>\n<p>El proper cap de setmana 11 i 12 de gener amb dos grans personatges: MART\u00cd ANGLADA I ALEXANDRE MATAS.<\/p>\n<p>La nova programaci\u00f3 de la Casa Irla ve farcida d&#8217;activitats liter\u00e0ries, musicals, exposicions i tot un seguit d\u2019actes per continuar oferint un espai de cultura i trobada a la nostra ciutat.<\/p>\n<p>Comencem el cicle literari amb un gran personatge: Mart\u00ed Anglada, periodista de TV3 corresponsal a Alemanya durant molts anys, que es ve a presentar el seu darrer llibre: \u201cQuatre vies per a la independ\u00e8ncia. Est\u00f2nia, Let\u00f2nia, Eslov\u00e0quia i Eslov\u00e8nia\u201d. L\u2019acte tindr\u00e0 lloc dissabte 11 de gener a les 19h.<\/p>\n<p>Alexandre Matas. Un gran personatge de la nostra ciutat que malauradament ens va deixar massa aviat, al qual la Casa Irla vol retre un modest homenatge de la m\u00e0 de la seva companya Vict\u00f2ria Vega, que ens ofereix una col\u00b7lecci\u00f3 impressionat de pintures d\u2019aquest gran artista ganx\u00f3.<br \/>\nEl diumenge 12 de gener a les 12 del migdia tindr\u00e0 lloc la inauguraci\u00f3 d\u2019aquesta exposici\u00f3 d\u2019homenatge al gran Alexandre Matas.<\/p>\n<p>Us avancem tots els actes que trobareu en aquesta nova temporada cultural a l&#8217;espera de poder disposar del cat\u00e0leg oficial amb tot el detall de cadascun dels actes.<\/p>\n<p>Cicle &#8220;El pa\u00eds que volem&#8221;<br \/>\n11 de gener. Mart\u00ed Anglada, presenta el seu llibre: \u201cQuatre vies per a la independ\u00e8ncia. Est\u00f2nia, Let\u00f2nia, Eslov\u00e0quia i Eslov\u00e8nia\u201d<br \/>\n25 de gener: \u00c0ngel Colom, confer\u00e8ncia: El pa\u00eds que volem<br \/>\n15 de febrer: Francesc Ribera &#8220;Titot&#8221;, presenta el llibre: Hist\u00f2ria de Catalunya al rev\u00e9s.<br \/>\n29 de mar\u00e7: Jaume Sobrequ\u00e9s, confer\u00e8ncia &#8220;Espanya contra Catalunya&#8221;<br \/>\n24 de maig: Joan B. Culla. confer\u00e8ncia: El paper d&#8217;ERC en el proc\u00e9s cap a la Independ\u00e8ncia. Visi\u00f3 d&#8217;un historiador.<br \/>\n30 de maig. Vicent Partal, presentaci\u00f3 del llibre: &#8220;A un pam de la Independ\u00e8ncia&#8221;<\/p>\n<p>Activitats musicals: &#8220;Sons de Taverna&#8221;<br \/>\n8 de febrer. La pu\u00e7a diat\u00f2nica. M\u00fasica folk. Web del grup<br \/>\n14 de mar\u00e7. Pexsomblues. Jazz i Blues. Web del grup<br \/>\n28 de mar\u00e7. Bourbon, Rithm and Blues New Orleans.<br \/>\n12 abril. Pep Poblet i Nito Figueras. Web del grup.<br \/>\n19 abril. La petita havana. Havaneres. Web del grup.<br \/>\n25 abril. ASK THE DUST. Web del grup.<br \/>\n23 maig. Blues Metal, Xavi Monfort.<br \/>\n31 maig. Altisent. Cantautor<br \/>\n13 juny. Banana Beach, rumba catalana.<\/p>\n<p>Exposicions d&#8217;art.<br \/>\nGener-febrer. Homenatge a Alexandre Matas<br \/>\nMar\u00e7-abril. Jordi Prat. Fotografia.<br \/>\nMaig-juny. Marc Pujol. Escultura.<br \/>\nJuliol-agost. Jocelyne Marmottan. Pintura.<br \/>\nSetembre-octubre. Anna Castell\u00f3. Pintura.<\/p>\n<p>Altres activitats.<br \/>\n31 de gener. Recull d&#8217;activitats de la Xarxa Solid\u00e0ria.<br \/>\n1 de febrer. Projecci\u00f3 de la pel\u00b7l\u00edcula: LES TRES VIDES DE PEDRO BURRUEZO<br \/>\n14-febrer; 7-mar\u00e7; 11-abril; 9-maig. Confer\u00e8ncies a l&#8217;entorn del &#8220;Centenari del AD GU\u00cdXOLS&#8221;<\/p>\n","protected":false},"excerpt":{"rendered":"<p>Iniciem la nova programaci\u00f3 d\u2019hivern-primavera 2014<\/p>\n","protected":false},"author":1,"featured_media":195,"comment_status":"open","ping_status":"open","sticky":false,"template":"template-centered.php","format":"standard","meta":{"footnotes":""},"categories":[1],"tags":[],"class_list":["post-148","post","type-post","status-publish","format-standard","has-post-thumbnail","hentry","category-general"],"_links":{"self":[{"href":"https:\/\/irla.cat\/casairla\/wp-json\/wp\/v2\/posts\/148","targetHints":{"allow":["GET"]}}],"collection":[{"href":"https:\/\/irla.cat\/casairla\/wp-json\/wp\/v2\/posts"}],"about":[{"href":"https:\/\/irla.cat\/casairla\/wp-json\/wp\/v2\/types\/post"}],"author":[{"embeddable":true,"href":"https:\/\/irla.cat\/casairla\/wp-json\/wp\/v2\/users\/1"}],"replies":[{"embeddable":true,"href":"https:\/\/irla.cat\/casairla\/wp-json\/wp\/v2\/comments?post=148"}],"version-history":[{"count":1,"href":"https:\/\/irla.cat\/casairla\/wp-json\/wp\/v2\/posts\/148\/revisions"}],"predecessor-version":[{"id":150,"href":"https:\/\/irla.cat\/casairla\/wp-json\/wp\/v2\/posts\/148\/revisions\/150"}],"wp:featuredmedia":[{"embeddable":true,"href":"https:\/\/irla.cat\/casairla\/wp-json\/wp\/v2\/media\/195"}],"wp:attachment":[{"href":"https:\/\/irla.cat\/casairla\/wp-json\/wp\/v2\/media?parent=148"}],"wp:term":[{"taxonomy":"category","embeddable":true,"href":"https:\/\/irla.cat\/casairla\/wp-json\/wp\/v2\/categories?post=148"},{"taxonomy":"post_tag","embeddable":true,"href":"https:\/\/irla.cat\/casairla\/wp-json\/wp\/v2\/tags?post=148"}],"curies":[{"name":"wp","href":"https:\/\/api.w.org\/{rel}","templated":true}]}}