{"id":1462,"date":"2021-06-29T09:22:50","date_gmt":"2021-06-29T07:22:50","guid":{"rendered":"https:\/\/irla.cat\/casairla\/?p=1462"},"modified":"2021-06-29T09:37:01","modified_gmt":"2021-06-29T07:37:01","slug":"dissabte-dia-3-de-juliol-a-les-19-h-presentem-el-llibre-pinzellades-de-llibertat","status":"publish","type":"post","link":"https:\/\/irla.cat\/casairla\/2021\/06\/29\/dissabte-dia-3-de-juliol-a-les-19-h-presentem-el-llibre-pinzellades-de-llibertat\/","title":{"rendered":"Dissabte dia 3 de juliol a les 19 h presentem el llibre &#8220;Pinzellades de llibertat&#8221;"},"content":{"rendered":"\n<p>Dissabte 3 de juliol a les 19 h a la Casa Irla es presentar\u00e0 el llibre &#8220;Pinzellades de Llibertat&#8221;. Retrats pict\u00f2rics de Pere Piquer amb poemes de diversos autors.<\/p>\n\n\n\n<p>Pinzellades de Llibertat \u00e9s un homenatge als represaliats per la repressi\u00f3 espanyola arran del refer\u00e8ndum de l\u20191 d\u2019octubre del 2017.<\/p>\n\n\n\n<p>Un homenatge sentit que pren forma i for\u00e7a a trav\u00e9s dels vint-i-sis retrats de l\u2019artista Pere Piquer i dels poemes in\u00e8dits sobre el Proc\u00e9s d\u2019independ\u00e8ncia catal\u00e0 que els acompanyen, escrits per m\u00e9s de trenta poetes, entre els quals l\u2019actual Premi d\u2019Honor de les Lletres Catalanes, Enric Casasses, Narc\u00eds Comadira, Miquel de Palol, Vicen\u00e7 Altai\u00f3, Helena Bonals o Valt\u00f2nyc.<\/p>\n\n\n\n<p>Amb un pr\u00f2leg del conseller de Cultura Llu\u00eds Puig i un ep\u00edleg del Molt Honorable President Quim Torra, Pinzellades de Llibertat ha estat creat en honor de totes aquelles persones \u2014moltes retratades en aquest mateix llibre\u2014 que han estat perseguides i han vist limitats els seus drets per haver actuat a favor de la democr\u00e0cia, la llibertat d\u2019expressi\u00f3 i els drets humans.<\/p>\n\n\n\n<p>Per aix\u00f2, els beneficis nets de la venda d\u2019aquest volum aniran destinats a l\u2019Associaci\u00f3 de Familiars i Amics dels Presos Pol\u00edtics.<\/p>\n\n\n\n<p><\/p>\n\n\n\n<p><\/p>\n","protected":false},"excerpt":{"rendered":"<p>Dissabte 3 de juliol a les 19 h a la Casa Irla es presentar\u00e0 el llibre &#8220;Pinzellades de Llibertat&#8221;. Retrats pict\u00f2rics de Pere Piquer amb poemes.<\/p>\n","protected":false},"author":1,"featured_media":1463,"comment_status":"closed","ping_status":"closed","sticky":false,"template":"","format":"standard","meta":{"footnotes":""},"categories":[1],"tags":[],"class_list":["post-1462","post","type-post","status-publish","format-standard","has-post-thumbnail","hentry","category-general"],"_links":{"self":[{"href":"https:\/\/irla.cat\/casairla\/wp-json\/wp\/v2\/posts\/1462","targetHints":{"allow":["GET"]}}],"collection":[{"href":"https:\/\/irla.cat\/casairla\/wp-json\/wp\/v2\/posts"}],"about":[{"href":"https:\/\/irla.cat\/casairla\/wp-json\/wp\/v2\/types\/post"}],"author":[{"embeddable":true,"href":"https:\/\/irla.cat\/casairla\/wp-json\/wp\/v2\/users\/1"}],"replies":[{"embeddable":true,"href":"https:\/\/irla.cat\/casairla\/wp-json\/wp\/v2\/comments?post=1462"}],"version-history":[{"count":2,"href":"https:\/\/irla.cat\/casairla\/wp-json\/wp\/v2\/posts\/1462\/revisions"}],"predecessor-version":[{"id":1465,"href":"https:\/\/irla.cat\/casairla\/wp-json\/wp\/v2\/posts\/1462\/revisions\/1465"}],"wp:featuredmedia":[{"embeddable":true,"href":"https:\/\/irla.cat\/casairla\/wp-json\/wp\/v2\/media\/1463"}],"wp:attachment":[{"href":"https:\/\/irla.cat\/casairla\/wp-json\/wp\/v2\/media?parent=1462"}],"wp:term":[{"taxonomy":"category","embeddable":true,"href":"https:\/\/irla.cat\/casairla\/wp-json\/wp\/v2\/categories?post=1462"},{"taxonomy":"post_tag","embeddable":true,"href":"https:\/\/irla.cat\/casairla\/wp-json\/wp\/v2\/tags?post=1462"}],"curies":[{"name":"wp","href":"https:\/\/api.w.org\/{rel}","templated":true}]}}