{"id":1456,"date":"2021-06-15T18:13:50","date_gmt":"2021-06-15T16:13:50","guid":{"rendered":"https:\/\/irla.cat\/casairla\/?p=1456"},"modified":"2021-06-15T18:23:05","modified_gmt":"2021-06-15T16:23:05","slug":"el-proper-dissabte-dia-19-de-juny-a-les-19-h-presentem-el-llibre-paraula-de-jueu-de-marti-gironell","status":"publish","type":"post","link":"https:\/\/irla.cat\/casairla\/2021\/06\/15\/el-proper-dissabte-dia-19-de-juny-a-les-19-h-presentem-el-llibre-paraula-de-jueu-de-marti-gironell\/","title":{"rendered":"Dissabte 19 de juny a les 19 h presentem el llibre &#8220;Paraula de jueu&#8221; de Mart\u00ed Gironell"},"content":{"rendered":"\n<p>Dissabte 19 de juny a les 19 h presentem de forma presencial &#8220;Paraula de jueu&#8221; amb Mart\u00ed Gironell i Pilar Gir\u00f3<\/p>\n\n\n\n<p>Una aventura medieval i vital que protagonitzen en Kim i l\u2019Ester, una noia cristiana que treballa entre l\u2019Hospital de l\u2019Almoina de Barcelona i el call jueu. A trav\u00e9s d\u2019ells veurem com jueus i cristians viuen la seva complexa realitat mentre ens capbussem en els costums del segle XIV.<\/p>\n\n\n\n<p>El poder de les paraules, la for\u00e7a de les conviccions, l\u2019amor i el respecte com a ingredients b\u00e0sics per aixecar un pont d\u2019entesa entre les dues religions. Una empresa que no ser\u00e0 gens f\u00e0cil perqu\u00e8 trobaran persones d\u2019un costat i de l\u2019altre que estaran disposades a impedir-ho.<br><\/p>\n\n\n\n<p>Despr\u00e9s de l\u2019\u00e8xit d\u2019El pont dels jueus, una de les novel\u00b7les hist\u00f2riques m\u00e9s venudes en catal\u00e0 dels \u00faltims anys amb 100.000 lectors, arriba la seva continuaci\u00f3 m\u00e9s esperada.<\/p>\n\n\n\n<p><\/p>\n","protected":false},"excerpt":{"rendered":"<p>Dissabte 19 de juny a les 19 h presentem de forma presencial &#8220;Paraula de jueu&#8221; amb Mart\u00ed Gironell i Pilar Gir\u00f3<\/p>\n","protected":false},"author":1,"featured_media":1336,"comment_status":"closed","ping_status":"closed","sticky":false,"template":"","format":"standard","meta":{"footnotes":""},"categories":[1],"tags":[],"class_list":["post-1456","post","type-post","status-publish","format-standard","has-post-thumbnail","hentry","category-general"],"_links":{"self":[{"href":"https:\/\/irla.cat\/casairla\/wp-json\/wp\/v2\/posts\/1456","targetHints":{"allow":["GET"]}}],"collection":[{"href":"https:\/\/irla.cat\/casairla\/wp-json\/wp\/v2\/posts"}],"about":[{"href":"https:\/\/irla.cat\/casairla\/wp-json\/wp\/v2\/types\/post"}],"author":[{"embeddable":true,"href":"https:\/\/irla.cat\/casairla\/wp-json\/wp\/v2\/users\/1"}],"replies":[{"embeddable":true,"href":"https:\/\/irla.cat\/casairla\/wp-json\/wp\/v2\/comments?post=1456"}],"version-history":[{"count":4,"href":"https:\/\/irla.cat\/casairla\/wp-json\/wp\/v2\/posts\/1456\/revisions"}],"predecessor-version":[{"id":1460,"href":"https:\/\/irla.cat\/casairla\/wp-json\/wp\/v2\/posts\/1456\/revisions\/1460"}],"wp:featuredmedia":[{"embeddable":true,"href":"https:\/\/irla.cat\/casairla\/wp-json\/wp\/v2\/media\/1336"}],"wp:attachment":[{"href":"https:\/\/irla.cat\/casairla\/wp-json\/wp\/v2\/media?parent=1456"}],"wp:term":[{"taxonomy":"category","embeddable":true,"href":"https:\/\/irla.cat\/casairla\/wp-json\/wp\/v2\/categories?post=1456"},{"taxonomy":"post_tag","embeddable":true,"href":"https:\/\/irla.cat\/casairla\/wp-json\/wp\/v2\/tags?post=1456"}],"curies":[{"name":"wp","href":"https:\/\/api.w.org\/{rel}","templated":true}]}}