{"id":1443,"date":"2021-05-25T09:00:00","date_gmt":"2021-05-25T07:00:00","guid":{"rendered":"https:\/\/irla.cat\/casairla\/?p=1443"},"modified":"2021-05-24T19:50:08","modified_gmt":"2021-05-24T17:50:08","slug":"roger-pera-presenta-el-llibre-exit-on-tot-comenca-dissabte-29-de-maig-a-la-casa-irla","status":"publish","type":"post","link":"https:\/\/irla.cat\/casairla\/2021\/05\/25\/roger-pera-presenta-el-llibre-exit-on-tot-comenca-dissabte-29-de-maig-a-la-casa-irla\/","title":{"rendered":"Roger Pera presenta el llibre &#8220;\u00c8xit. On tot comen\u00e7a&#8221; dissabte 29 de maig a la Casa Irla"},"content":{"rendered":"\n<p>Aquest dissabtte 29 de maig a les 19 h, l&#8217;actor Roger Pera presentar\u00e0 el seu llibre &#8220;\u00c8xit. On tot comen\u00e7a&#8221;.<\/p>\n\n\n\n<p>\u00abEl dissabte 25 de gener de 2014 hi havia programada funci\u00f3 de Germans de sang. A les 18.00 h. Es va anul\u00b7lar. [\u2026] es va anul\u00b7lar perqu\u00e8 jo, que representava el protagonista, no m\u2019hi vaig presentar. [\u2026] No puc dir que aquesta fos una situaci\u00f3 nova, perqu\u00e8 feia anys que estava enganxat a la coca\u00efna.\u00bb<\/p>\n\n\n\n<p>Roger Pera repassa la seva extensa carrera professional, des que amb 9 anys va iniciar-se en el teatre i el doblatge, i tots els \u00e8xits i elogis que va acumular fins que va estar a punt de perdre-ho tot. Escrit en un to directe i proper \u2014a estones dram\u00e0tic, a estones c\u00f2mic\u2014, aquest llibre \u00e9s tamb\u00e9 el relat sincer i honest de la seva lluita contra la droga.<\/p>\n\n\n\n<p>\u00abI sabeu qu\u00e8? El que us dir\u00e9 ara us sorprendr\u00e0: ESTIC AGRA\u00cfT A TOT AIX\u00d2 QUE M\u2019HA PASSAT. I s\u00ed, he canviat. Hem retrobat el Roger. I m\u2019he perdonat. Ho he aconseguit.\u00bb<\/p>\n\n\n\n<p>Amb textos de Jordi Bast\u00e9, Ismael Abadal, Marta Pera, Pep Sala, Ricard Reguant i<br>Joan Pera.<\/p>\n\n\n\n<p><\/p>\n","protected":false},"excerpt":{"rendered":"<p>Aquest dissabtte 29 de maig a les 19 h, l&#8217;actor Roger Pera presentar\u00e0 el seu llibre &#8220;\u00c8xit. On tot comen\u00e7a&#8221;.<\/p>\n","protected":false},"author":1,"featured_media":1369,"comment_status":"closed","ping_status":"closed","sticky":false,"template":"","format":"standard","meta":{"footnotes":""},"categories":[1],"tags":[],"class_list":["post-1443","post","type-post","status-publish","format-standard","has-post-thumbnail","hentry","category-general"],"_links":{"self":[{"href":"https:\/\/irla.cat\/casairla\/wp-json\/wp\/v2\/posts\/1443","targetHints":{"allow":["GET"]}}],"collection":[{"href":"https:\/\/irla.cat\/casairla\/wp-json\/wp\/v2\/posts"}],"about":[{"href":"https:\/\/irla.cat\/casairla\/wp-json\/wp\/v2\/types\/post"}],"author":[{"embeddable":true,"href":"https:\/\/irla.cat\/casairla\/wp-json\/wp\/v2\/users\/1"}],"replies":[{"embeddable":true,"href":"https:\/\/irla.cat\/casairla\/wp-json\/wp\/v2\/comments?post=1443"}],"version-history":[{"count":1,"href":"https:\/\/irla.cat\/casairla\/wp-json\/wp\/v2\/posts\/1443\/revisions"}],"predecessor-version":[{"id":1444,"href":"https:\/\/irla.cat\/casairla\/wp-json\/wp\/v2\/posts\/1443\/revisions\/1444"}],"wp:featuredmedia":[{"embeddable":true,"href":"https:\/\/irla.cat\/casairla\/wp-json\/wp\/v2\/media\/1369"}],"wp:attachment":[{"href":"https:\/\/irla.cat\/casairla\/wp-json\/wp\/v2\/media?parent=1443"}],"wp:term":[{"taxonomy":"category","embeddable":true,"href":"https:\/\/irla.cat\/casairla\/wp-json\/wp\/v2\/categories?post=1443"},{"taxonomy":"post_tag","embeddable":true,"href":"https:\/\/irla.cat\/casairla\/wp-json\/wp\/v2\/tags?post=1443"}],"curies":[{"name":"wp","href":"https:\/\/api.w.org\/{rel}","templated":true}]}}