{"id":1438,"date":"2021-05-24T19:42:38","date_gmt":"2021-05-24T17:42:38","guid":{"rendered":"https:\/\/irla.cat\/casairla\/?p=1438"},"modified":"2021-05-24T19:43:30","modified_gmt":"2021-05-24T17:43:30","slug":"divendres-28-de-maig-a-les-19-h-projeccio-del-curt-converses-vegetals-en-el-temps-de-kali-yuga","status":"publish","type":"post","link":"https:\/\/irla.cat\/casairla\/2021\/05\/24\/divendres-28-de-maig-a-les-19-h-projeccio-del-curt-converses-vegetals-en-el-temps-de-kali-yuga\/","title":{"rendered":"Divendres 28 de maig a les 19 h projecci\u00f3 de &#8220;Converses vegetals en el temps de Kali Yuga&#8221;"},"content":{"rendered":"\n<p>&#8220;Converses vegetals en el temps de Kali Yuga&#8221; \u00e9s un viatge cinematogr\u00e0fic de retorn a l\u2019harmonia amb la Natura i amb l\u2019espiritualitatprofunda<\/p>\n\n\n\n<p>\u201cEl llenguatge secret de les plantes\u201d \u00e9s un sender cap a la consci\u00e8ncia i la via mar-cada per grans m\u00edstics com Ibn A l\u2019Arabi o San Juan de la Cruz. Viure intensament la Natura i l\u2019espiritualitat m\u00e9s primig\u00e8nia per renunciar als dogmes de la societat de masses, que ens han condu\u00eft a la destrucci\u00f3.<\/p>\n\n\n\n<p>Un retorn, tamb\u00e9, cap a l\u2019interior d\u2019un mateix, ja que ning\u00fa que no es conegui a si mateix pot realment arribar a con\u00e8ixer l\u2019\u00e0nima del m\u00f3n&#8230;<\/p>\n\n\n\n<p>En la serva versi\u00f3 en castell\u00e0, seleccionada al Festival Internacional de Cinema de Medi Ambient de Barcelona Suncine (secci\u00f3 no competitiva). Seleccionada al Festival de Cinema de Girona.Amb \u00c1lex Trincado, director i Pedro Burruezo, protagonista. A continuaci\u00f3 debat obert a tothom per entendre cap a on camina la nostra esp\u00e8cie.<\/p>\n\n\n\n<p>Un viatge cinematogr\u00e0fic de retorn a l\u2019harmonia amb la Natura i amb l\u2019espiritualitatprofunda. Imatges, m\u00fasiques i intert\u00edtols ens conviden a entendre com les plantes iels altres \u00e9ssers vius anhelen que l\u2019\u00e9sser hum\u00e0 torni a la seva ess\u00e8ncia primordial&#8230;Un film que ens recorda que no hi ha solucions tecnol\u00f2giques als grans desafiamentsals qu\u00e8 s\u2019enfronta la Humanitat. Nom\u00e9s el retorn a una concepci\u00f3 ecol\u00f2gica del m\u00f3nnatural pot protegir l\u2019\u00e9sser hum\u00e0 de si mateix&#8230;<\/p>\n\n\n\n<ul class=\"wp-block-list\"><li>Direcci\u00f3 i muntatge: Alex Trincado<\/li><li>Gui\u00f3 i m\u00fasica: Pedro Burruezo<\/li><li>Amb: No\u00e9 Larrosa, Pablo Parra, Francesc Qu\u00edlez, Jordi\u00a0Ortega, Issa Parra, Ur Muru, Estrella Burruezo, Dolores Navarro, \u00c1ngeles Parra<\/li><li>Intert\u00edtols: Eric Pel\u00e1ez<\/li><li>Cartell: Javier Bolufer<\/li><li>Agra\u00efments: Finca Mascots, Granja Madre Selva Arb\u00facies<\/li><li>Escenes: St. Feliu de Gu\u00edxols, Santa Cristina d\u2019Aro\/Solius, Arb\u00facies<\/li><li>Una producci\u00f3 de: Sotos Produccions\/Assoc. La Camerata<\/li><li>Una coproducci\u00f3 de l\u2019entitat sense \u00e0nim de lucre Associaci\u00f3La Camerata\/SotosProductions<\/li><li>Direcci\u00f3 i muntatge: \u00c1lex Trincado<\/li><li>Protagonista principal: Pedro Burruezo<\/li><li>M\u00fasica: Pedro Burruezo<\/li><li>Ubicacions: Sant Feliu de Gu\u00edxols, Solius, Arb\u00facies, etc.<\/li><li>Duraci\u00f3: 30 minuts, curt<\/li><\/ul>\n\n\n\n<p><\/p>\n","protected":false},"excerpt":{"rendered":"<p>Divendres 28 de maig a les 19 h a la Casa Irla projecci\u00f3 del curt &#8220;Converses vegetals en el temps de Kali Yuga&#8221;<\/p>\n","protected":false},"author":1,"featured_media":1439,"comment_status":"closed","ping_status":"closed","sticky":false,"template":"","format":"standard","meta":{"footnotes":""},"categories":[1],"tags":[],"class_list":["post-1438","post","type-post","status-publish","format-standard","has-post-thumbnail","hentry","category-general"],"_links":{"self":[{"href":"https:\/\/irla.cat\/casairla\/wp-json\/wp\/v2\/posts\/1438","targetHints":{"allow":["GET"]}}],"collection":[{"href":"https:\/\/irla.cat\/casairla\/wp-json\/wp\/v2\/posts"}],"about":[{"href":"https:\/\/irla.cat\/casairla\/wp-json\/wp\/v2\/types\/post"}],"author":[{"embeddable":true,"href":"https:\/\/irla.cat\/casairla\/wp-json\/wp\/v2\/users\/1"}],"replies":[{"embeddable":true,"href":"https:\/\/irla.cat\/casairla\/wp-json\/wp\/v2\/comments?post=1438"}],"version-history":[{"count":3,"href":"https:\/\/irla.cat\/casairla\/wp-json\/wp\/v2\/posts\/1438\/revisions"}],"predecessor-version":[{"id":1442,"href":"https:\/\/irla.cat\/casairla\/wp-json\/wp\/v2\/posts\/1438\/revisions\/1442"}],"wp:featuredmedia":[{"embeddable":true,"href":"https:\/\/irla.cat\/casairla\/wp-json\/wp\/v2\/media\/1439"}],"wp:attachment":[{"href":"https:\/\/irla.cat\/casairla\/wp-json\/wp\/v2\/media?parent=1438"}],"wp:term":[{"taxonomy":"category","embeddable":true,"href":"https:\/\/irla.cat\/casairla\/wp-json\/wp\/v2\/categories?post=1438"},{"taxonomy":"post_tag","embeddable":true,"href":"https:\/\/irla.cat\/casairla\/wp-json\/wp\/v2\/tags?post=1438"}],"curies":[{"name":"wp","href":"https:\/\/api.w.org\/{rel}","templated":true}]}}