{"id":1432,"date":"2021-05-31T09:55:00","date_gmt":"2021-05-31T07:55:00","guid":{"rendered":"https:\/\/irla.cat\/casairla\/?p=1432"},"modified":"2021-05-24T19:32:13","modified_gmt":"2021-05-24T17:32:13","slug":"dissabte-5-de-juny-a-les-19-h-presentem-el-llibre-anima-de-tramuntana-de-la-nuria-esponella","status":"publish","type":"post","link":"https:\/\/irla.cat\/casairla\/2021\/05\/31\/dissabte-5-de-juny-a-les-19-h-presentem-el-llibre-anima-de-tramuntana-de-la-nuria-esponella\/","title":{"rendered":"Dissabte 5 de juny a les 19 h presentem &#8220;\u00c0nima de tramuntana&#8221; de N\u00faria Esponell\u00e0"},"content":{"rendered":"\n<p>&#8220;\u00c0nima de tramuntana&#8221; de N\u00faria Esponell\u00e0, Premi Prudenci Bertrana 2020, es presentar\u00e0 el dissabte dia 5 de juny a les 19 h a la Casa Irla.<\/p>\n<p>\u00c0nima de tramuntana \u00e9s un relat intimista amb rerefons hist\u00f2ric. En el passat, ens transporta al temps dels indiketes o indigets, dins un territori que s\u2019estenia des dels Pirineus fins al riu Tordera. La protagonista del present, una arque\u00f2loga freelance que passa per una situaci\u00f3 personal dif\u00edcil, recompon i imagina la hist\u00f2ria d\u2019una dona que va viure al segle III aC.<\/p>\n<p>Els escenaris de la novel\u2022la transiten entre Ullastret, Emp\u00faries i la Costa Brava, en rutes iberes i amb la recreaci\u00f3 del paisatge de l\u2019Empord\u00e0 antic.<\/p>\n<p>La M\u00ednia, una arque\u00f2loga freelance, passa per una situaci\u00f3 personal dif\u00edcil despr\u00e9s d\u2019haver-se separat de l\u2019home amb qui ha conviscut durant anys. Tanmateix, la companyia de l\u2019Estel, una bona amiga, i la descoberta de dues tombes ins\u00f2lites a la necr\u00f2polis de la ciutat ib\u00e8rica d\u2019Ullastret l\u2019encaren a una recerca intensa que l\u2019ajudar\u00e0 a afrontar tot all\u00f2 que la desvetlla al llarg de la nit.<\/p>\n<p>A partir d\u2019aquesta circumst\u00e0ncia, la M\u00ednia recomposa i imagina la hist\u00f2ria d\u2019una dona del s.III aC que va haver d\u2019afrontar una experi\u00e8ncia semblant a la que ella est\u00e0 vivint.<\/p>\n<p>M\u00ednia i Ekinar s\u00f3n dues dones d\u2019\u00e8poques ben diferents. Ekinar forma part d\u2019una cultura molt arrelada a la natura que ent\u00e9n la mort com a part del cicle de l\u2019exist\u00e8ncia. La M\u00ednia, en canvi, pertany a una societat \u2013la nostra- que ha perdut en bona part la connexi\u00f3 amb la naturalesa i l\u2019espiritualitat, i on la mort ha esdevingut gaireb\u00e9 un tema tab\u00fa.<\/p>\n<p>El m\u00f3n dels ibers d\u2019Indika (Ullastret), la seva forma de vida, l\u2019economia agr\u00edcola, el comer\u00e7 fluvial, costums i creences formen part del relat del passat.<\/p>\n<p>La novel.la transita per escenaris diversos. En el passat, el paisatge de l\u2019Empord\u00e0 antic, els rius, aiguamolls i illes d\u2019un gran estuari, la doble ciutat emmurallada d\u2019Indika o Undika i l\u2019Emp\u00f2rion grega. En el present, la M\u00ednia empr\u00e8n un viatge intern mentre intenta tancar una etapa de vida.<\/p>\n<p>&nbsp;<\/p>\n\n\n","protected":false},"excerpt":{"rendered":"<p>Dissabte 5 de juny a les 19 h a la Casa Irla presentem el llibre &#8220;\u00c0nima de tramuntana&#8221; de la N\u00faria Esponell\u00e0<\/p>\n","protected":false},"author":1,"featured_media":1433,"comment_status":"closed","ping_status":"closed","sticky":false,"template":"","format":"standard","meta":{"footnotes":""},"categories":[1],"tags":[],"class_list":["post-1432","post","type-post","status-publish","format-standard","has-post-thumbnail","hentry","category-general"],"_links":{"self":[{"href":"https:\/\/irla.cat\/casairla\/wp-json\/wp\/v2\/posts\/1432","targetHints":{"allow":["GET"]}}],"collection":[{"href":"https:\/\/irla.cat\/casairla\/wp-json\/wp\/v2\/posts"}],"about":[{"href":"https:\/\/irla.cat\/casairla\/wp-json\/wp\/v2\/types\/post"}],"author":[{"embeddable":true,"href":"https:\/\/irla.cat\/casairla\/wp-json\/wp\/v2\/users\/1"}],"replies":[{"embeddable":true,"href":"https:\/\/irla.cat\/casairla\/wp-json\/wp\/v2\/comments?post=1432"}],"version-history":[{"count":4,"href":"https:\/\/irla.cat\/casairla\/wp-json\/wp\/v2\/posts\/1432\/revisions"}],"predecessor-version":[{"id":1437,"href":"https:\/\/irla.cat\/casairla\/wp-json\/wp\/v2\/posts\/1432\/revisions\/1437"}],"wp:featuredmedia":[{"embeddable":true,"href":"https:\/\/irla.cat\/casairla\/wp-json\/wp\/v2\/media\/1433"}],"wp:attachment":[{"href":"https:\/\/irla.cat\/casairla\/wp-json\/wp\/v2\/media?parent=1432"}],"wp:term":[{"taxonomy":"category","embeddable":true,"href":"https:\/\/irla.cat\/casairla\/wp-json\/wp\/v2\/categories?post=1432"},{"taxonomy":"post_tag","embeddable":true,"href":"https:\/\/irla.cat\/casairla\/wp-json\/wp\/v2\/tags?post=1432"}],"curies":[{"name":"wp","href":"https:\/\/api.w.org\/{rel}","templated":true}]}}