{"id":1429,"date":"2021-05-19T08:29:17","date_gmt":"2021-05-19T06:29:17","guid":{"rendered":"https:\/\/irla.cat\/casairla\/?p=1429"},"modified":"2021-05-19T08:29:18","modified_gmt":"2021-05-19T06:29:18","slug":"dissabte-22-de-maig-a-les-19-h-presentem-el-llibre-dona-i-poder-de-la-jenn-diaz","status":"publish","type":"post","link":"https:\/\/irla.cat\/casairla\/2021\/05\/19\/dissabte-22-de-maig-a-les-19-h-presentem-el-llibre-dona-i-poder-de-la-jenn-diaz\/","title":{"rendered":"Dissabte 22 de maig a les 19 h presentem el llibre &#8220;Dona i poder&#8221; de la Jenn D\u00edaz"},"content":{"rendered":"\n<p>El proper dissabte dia 22 de maig a les 19 h presentem a la Casa Irla el llibre &#8220;Dona i poder&#8221; de la Jenn D\u00edaz. Presenta l&#8217;acte Laia Ca\u00f1igueral.<\/p>\n<p>Jenn D\u00edaz explica en primera persona qu\u00e8 vol dir ser dona i estar a prop del poder en un manifest personal i cr\u00edtic, que \u00e9s tamb\u00e9 una crida a les dones per ocupar massivament els llocs de poder.<\/p>\n<p>Des que les primeres sufragistes van aconseguir el dret al vot, les dones s\u2019han anat incorporant progressivament a la pol\u00edtica fi ns a ocupar-hi un espai representatiu.<\/p>\n<p>Per\u00f2, poden decidir realment? De quina manera es condiciona la seva capacitat d\u2019acci\u00f3? Qu\u00e8 vol dir feminitzar la pol\u00edtica?<\/p>\n<p>Mentre exerceix de diputada al Parlament de Catalunya, l\u2019escriptora Jenn D\u00edaz fa una mirada al passat per recollir les reivindicacions i les lluites de les dones per arribar al poder i ens recorda que encara queda molt cam\u00ed per fer.<\/p>\n<p>\u00a0<\/p>\n","protected":false},"excerpt":{"rendered":"<p>El proper dissabte dia 22 de maig a les 19 h presentem a la Casa Irla el llibre &#8220;Dona i poder&#8221; de la Jenn D\u00edaz.<\/p>\n","protected":false},"author":1,"featured_media":1430,"comment_status":"closed","ping_status":"closed","sticky":false,"template":"","format":"standard","meta":{"footnotes":""},"categories":[1],"tags":[],"class_list":["post-1429","post","type-post","status-publish","format-standard","has-post-thumbnail","hentry","category-general"],"_links":{"self":[{"href":"https:\/\/irla.cat\/casairla\/wp-json\/wp\/v2\/posts\/1429","targetHints":{"allow":["GET"]}}],"collection":[{"href":"https:\/\/irla.cat\/casairla\/wp-json\/wp\/v2\/posts"}],"about":[{"href":"https:\/\/irla.cat\/casairla\/wp-json\/wp\/v2\/types\/post"}],"author":[{"embeddable":true,"href":"https:\/\/irla.cat\/casairla\/wp-json\/wp\/v2\/users\/1"}],"replies":[{"embeddable":true,"href":"https:\/\/irla.cat\/casairla\/wp-json\/wp\/v2\/comments?post=1429"}],"version-history":[{"count":1,"href":"https:\/\/irla.cat\/casairla\/wp-json\/wp\/v2\/posts\/1429\/revisions"}],"predecessor-version":[{"id":1431,"href":"https:\/\/irla.cat\/casairla\/wp-json\/wp\/v2\/posts\/1429\/revisions\/1431"}],"wp:featuredmedia":[{"embeddable":true,"href":"https:\/\/irla.cat\/casairla\/wp-json\/wp\/v2\/media\/1430"}],"wp:attachment":[{"href":"https:\/\/irla.cat\/casairla\/wp-json\/wp\/v2\/media?parent=1429"}],"wp:term":[{"taxonomy":"category","embeddable":true,"href":"https:\/\/irla.cat\/casairla\/wp-json\/wp\/v2\/categories?post=1429"},{"taxonomy":"post_tag","embeddable":true,"href":"https:\/\/irla.cat\/casairla\/wp-json\/wp\/v2\/tags?post=1429"}],"curies":[{"name":"wp","href":"https:\/\/api.w.org\/{rel}","templated":true}]}}