{"id":1422,"date":"2021-05-11T09:41:45","date_gmt":"2021-05-11T07:41:45","guid":{"rendered":"https:\/\/irla.cat\/casairla\/?p=1422"},"modified":"2021-05-11T09:41:46","modified_gmt":"2021-05-11T07:41:46","slug":"inauguracio-de-lexposicio-danna-vilarrubias-re-vers","status":"publish","type":"post","link":"https:\/\/irla.cat\/casairla\/2021\/05\/11\/inauguracio-de-lexposicio-danna-vilarrubias-re-vers\/","title":{"rendered":"Inauguraci\u00f3 de l&#8217;exposici\u00f3 d&#8217;Anna Vilarr\u00fabias &#8220;re-VERS&#8221;"},"content":{"rendered":"\n<p>El proper dissabte dia 15 de maig a les 19 h inaugurem a la Casa Irla l&#8217;exposici\u00f3 de l&#8217;Anna Vilarr\u00fabias que porta per t\u00edtol &#8220;re-VERS&#8221;.<\/p>\n<p>Quan observem l\u2019obra de l\u2019Anna Vilarr\u00fabias tenim una primera impressi\u00f3 d\u2019ordenada conson\u00e0ncia. Amb una repetici\u00f3 que ens conforta, en ella creiem veure-hi una expressi\u00f3 d\u2019estabilitat i solidesa que ens facilita la comprensi\u00f3 inicial.<\/p>\n<p><br \/>Per\u00f2 de sobte el gest d\u2019una l\u00ednia, la situaci\u00f3 d\u2019una pe\u00e7a o la pres\u00e8ncia d\u2019alguns elements crom\u00e0tics trenquen el ritme previst i prenen un cam\u00ed propi. Obren pas a un canvi inesperat, i all\u00f2 que hav\u00edem vist al comen\u00e7ament es converteix en vers lliure.<\/p>\n<p>Geometria din\u00e0mica, onades que avancen per\u00f2 que tamb\u00e9 reculen, i cont\u00ednuum vital. Davant la complexitat que ens envolta, l\u2019autora tria l\u2019expressi\u00f3 creativa per omplir-la amb silencis i fer callar el soroll, com si fes ress\u00f2 de les paraules de Camus: <em>Si le monde \u00e9tait clair, l\u2019art n\u2019existerait pas.<\/em><\/p>\n<p>\u00a0<\/p>\n","protected":false},"excerpt":{"rendered":"<p>El proper dissabte dia 15 de maig a les 19 h inaugurem a la Casa Irla l&#8217;exposici\u00f3 de l&#8217;Anna Vilarr\u00fabias que porta per t\u00edtol &#8220;re-VERS&#8221;.<\/p>\n","protected":false},"author":1,"featured_media":1423,"comment_status":"closed","ping_status":"closed","sticky":false,"template":"","format":"standard","meta":{"footnotes":""},"categories":[1],"tags":[],"class_list":["post-1422","post","type-post","status-publish","format-standard","has-post-thumbnail","hentry","category-general"],"_links":{"self":[{"href":"https:\/\/irla.cat\/casairla\/wp-json\/wp\/v2\/posts\/1422","targetHints":{"allow":["GET"]}}],"collection":[{"href":"https:\/\/irla.cat\/casairla\/wp-json\/wp\/v2\/posts"}],"about":[{"href":"https:\/\/irla.cat\/casairla\/wp-json\/wp\/v2\/types\/post"}],"author":[{"embeddable":true,"href":"https:\/\/irla.cat\/casairla\/wp-json\/wp\/v2\/users\/1"}],"replies":[{"embeddable":true,"href":"https:\/\/irla.cat\/casairla\/wp-json\/wp\/v2\/comments?post=1422"}],"version-history":[{"count":1,"href":"https:\/\/irla.cat\/casairla\/wp-json\/wp\/v2\/posts\/1422\/revisions"}],"predecessor-version":[{"id":1424,"href":"https:\/\/irla.cat\/casairla\/wp-json\/wp\/v2\/posts\/1422\/revisions\/1424"}],"wp:featuredmedia":[{"embeddable":true,"href":"https:\/\/irla.cat\/casairla\/wp-json\/wp\/v2\/media\/1423"}],"wp:attachment":[{"href":"https:\/\/irla.cat\/casairla\/wp-json\/wp\/v2\/media?parent=1422"}],"wp:term":[{"taxonomy":"category","embeddable":true,"href":"https:\/\/irla.cat\/casairla\/wp-json\/wp\/v2\/categories?post=1422"},{"taxonomy":"post_tag","embeddable":true,"href":"https:\/\/irla.cat\/casairla\/wp-json\/wp\/v2\/tags?post=1422"}],"curies":[{"name":"wp","href":"https:\/\/api.w.org\/{rel}","templated":true}]}}