{"id":1409,"date":"2021-05-03T10:41:50","date_gmt":"2021-05-03T08:41:50","guid":{"rendered":"https:\/\/irla.cat\/casairla\/?p=1409"},"modified":"2021-05-03T10:55:12","modified_gmt":"2021-05-03T08:55:12","slug":"divendres-7-de-maig-pilar-giro-presentara-el-seu-llibre-de-poemes-diari-de-confinament","status":"publish","type":"post","link":"https:\/\/irla.cat\/casairla\/2021\/05\/03\/divendres-7-de-maig-pilar-giro-presentara-el-seu-llibre-de-poemes-diari-de-confinament\/","title":{"rendered":"Divendres 7 de maig Pilar Gir\u00f3 presentar\u00e0 el seu llibre de poemes &#8220;Diari de confinament&#8221;"},"content":{"rendered":"\n<div>Aquest divendres 7 de maig a les 19 h a la Casa Irla presentem el llibre &#8220;Diari de confinament&#8221; de Pilar Gir\u00f3<\/div>\n<div>&nbsp;<\/div>\n<div>El divendres 13 de mar\u00e7 va comen\u00e7ar el confinament. Des del primer moment vaig ser conscient que viure quelcom que ens era desconegut.<\/div>\n<div>&nbsp;<\/div>\n<div>Aquest va ser el motiu de comen\u00e7ar a escriure, perqu\u00e8 en les paraules sempre hi he trobat refugi i aix\u00ed \u00e9s com va n\u00e9ixer aquest&nbsp;<i>Diari de Confinament<\/i>.<\/div>\n<div>&nbsp;<\/div>\n<div>Primer va ser la cerca de sopluig davant la incertesa, despr\u00e9s va passar a ser una manera de deixar testimoni subjectiu de la desfeta del calendari, va apar\u00e8ixer un comptador paral\u00b7lel, canvi\u00e0vem dies i mesos per quarantenes i fases.<\/div>\n<div>&nbsp;<\/div>\n<div>Els mots emprats en els acr\u00f2stics, que en alguns moments poden remetre als haiku, tenen la voluntat de transmetre la senzillesa, la profunditat i la mirada d\u2019assossec vers el quotidi\u00e0.<\/div>\n<div>&nbsp;<\/div>\n<div>En aquest poemes he volgut deixar const\u00e0ncia d&#8217;una experi\u00e8ncia i un sentiment col\u00b7lectiu que vam haver de viure a\u00efllats.<\/div>\n<div>&nbsp;<\/div>\n\n\n","protected":false},"excerpt":{"rendered":"<p>Aquest divendres 7 de maig a les 19 h a la Casa Irla presentem el llibre &#8220;Diari de confinament&#8221; de Pilar Gir\u00f3<\/p>\n","protected":false},"author":1,"featured_media":1419,"comment_status":"closed","ping_status":"closed","sticky":false,"template":"","format":"standard","meta":{"footnotes":""},"categories":[1],"tags":[],"class_list":["post-1409","post","type-post","status-publish","format-standard","has-post-thumbnail","hentry","category-general"],"_links":{"self":[{"href":"https:\/\/irla.cat\/casairla\/wp-json\/wp\/v2\/posts\/1409","targetHints":{"allow":["GET"]}}],"collection":[{"href":"https:\/\/irla.cat\/casairla\/wp-json\/wp\/v2\/posts"}],"about":[{"href":"https:\/\/irla.cat\/casairla\/wp-json\/wp\/v2\/types\/post"}],"author":[{"embeddable":true,"href":"https:\/\/irla.cat\/casairla\/wp-json\/wp\/v2\/users\/1"}],"replies":[{"embeddable":true,"href":"https:\/\/irla.cat\/casairla\/wp-json\/wp\/v2\/comments?post=1409"}],"version-history":[{"count":3,"href":"https:\/\/irla.cat\/casairla\/wp-json\/wp\/v2\/posts\/1409\/revisions"}],"predecessor-version":[{"id":1420,"href":"https:\/\/irla.cat\/casairla\/wp-json\/wp\/v2\/posts\/1409\/revisions\/1420"}],"wp:featuredmedia":[{"embeddable":true,"href":"https:\/\/irla.cat\/casairla\/wp-json\/wp\/v2\/media\/1419"}],"wp:attachment":[{"href":"https:\/\/irla.cat\/casairla\/wp-json\/wp\/v2\/media?parent=1409"}],"wp:term":[{"taxonomy":"category","embeddable":true,"href":"https:\/\/irla.cat\/casairla\/wp-json\/wp\/v2\/categories?post=1409"},{"taxonomy":"post_tag","embeddable":true,"href":"https:\/\/irla.cat\/casairla\/wp-json\/wp\/v2\/tags?post=1409"}],"curies":[{"name":"wp","href":"https:\/\/api.w.org\/{rel}","templated":true}]}}