{"id":1399,"date":"2021-04-28T14:14:11","date_gmt":"2021-04-28T12:14:11","guid":{"rendered":"https:\/\/irla.cat\/casairla\/?p=1399"},"modified":"2021-04-28T14:14:12","modified_gmt":"2021-04-28T12:14:12","slug":"presentacio-del-llibre-del-congres-estant-de-joan-oloriz-amb-joan-tarda","status":"publish","type":"post","link":"https:\/\/irla.cat\/casairla\/2021\/04\/28\/presentacio-del-llibre-del-congres-estant-de-joan-oloriz-amb-joan-tarda\/","title":{"rendered":"Presentaci\u00f3 del llibre &#8220;Del congr\u00e9s estant&#8221; de Joan Ol\u00f2riz, amb Joan Tard\u00e0"},"content":{"rendered":"\n<p>Dissabte dia 1 de maig a les 19 h presentem a la Casa Irla el llibre &#8220;Del congr\u00e9s estant&#8221; de Joan Ol\u00f2riz. Amb la pres\u00e8ncia de Joan Tard\u00e0.<\/p>\n<p>Quin gaudi llegir Del Congr\u00e9s estant. Reconec que en el meu cas, que he estat al costat d\u2019en Joan durant aquests anys, que tinc presents bona part dels moments narrats perqu\u00e8 els hem viscut plegats o b\u00e9 perqu\u00e8 n\u2019hem parlat a bastament, la lectura hagi pogut adquirir una dimensi\u00f3 o una mirada singular, \u00edntima.<\/p>\n<p>El protagonisme dels diputats republicans a Madrid \u00e9s producte d\u2019an\u00e0lisis i debats col\u00b7lectius i madurats, per\u00f2 alhora \u2013atenint-nos a la velocitat i al vertigen que genera la vida pol\u00edtica madrilenya\u2013 exigeix improvisaci\u00f3 i assumpci\u00f3 del risc.<\/p>\n<p>S\u2019explica en gran part arran de la pressi\u00f3 ambiental, per les conseq\u00fc\u00e8ncies de les votacions fins i tot les provinents de debats aparentment marginals i tamb\u00e9 a causa de la llunyania amb qu\u00e8, de Barcelona estant, es viu la vida parlament\u00e0ria madrilenya.<\/p>\n<p>\u00a0<\/p>\n","protected":false},"excerpt":{"rendered":"<p>Dissabte dia 1 de maig a les 19 h presentem a la Casa Irla el llibre &#8220;Del congr\u00e9s estant&#8221; de Joan Ol\u00f2riz. Amb la pres\u00e8ncia de Joan Tard\u00e0.<\/p>\n","protected":false},"author":1,"featured_media":1400,"comment_status":"closed","ping_status":"closed","sticky":false,"template":"","format":"standard","meta":{"footnotes":""},"categories":[1],"tags":[],"class_list":["post-1399","post","type-post","status-publish","format-standard","has-post-thumbnail","hentry","category-general"],"_links":{"self":[{"href":"https:\/\/irla.cat\/casairla\/wp-json\/wp\/v2\/posts\/1399","targetHints":{"allow":["GET"]}}],"collection":[{"href":"https:\/\/irla.cat\/casairla\/wp-json\/wp\/v2\/posts"}],"about":[{"href":"https:\/\/irla.cat\/casairla\/wp-json\/wp\/v2\/types\/post"}],"author":[{"embeddable":true,"href":"https:\/\/irla.cat\/casairla\/wp-json\/wp\/v2\/users\/1"}],"replies":[{"embeddable":true,"href":"https:\/\/irla.cat\/casairla\/wp-json\/wp\/v2\/comments?post=1399"}],"version-history":[{"count":1,"href":"https:\/\/irla.cat\/casairla\/wp-json\/wp\/v2\/posts\/1399\/revisions"}],"predecessor-version":[{"id":1401,"href":"https:\/\/irla.cat\/casairla\/wp-json\/wp\/v2\/posts\/1399\/revisions\/1401"}],"wp:featuredmedia":[{"embeddable":true,"href":"https:\/\/irla.cat\/casairla\/wp-json\/wp\/v2\/media\/1400"}],"wp:attachment":[{"href":"https:\/\/irla.cat\/casairla\/wp-json\/wp\/v2\/media?parent=1399"}],"wp:term":[{"taxonomy":"category","embeddable":true,"href":"https:\/\/irla.cat\/casairla\/wp-json\/wp\/v2\/categories?post=1399"},{"taxonomy":"post_tag","embeddable":true,"href":"https:\/\/irla.cat\/casairla\/wp-json\/wp\/v2\/tags?post=1399"}],"curies":[{"name":"wp","href":"https:\/\/api.w.org\/{rel}","templated":true}]}}