{"id":1387,"date":"2021-04-14T09:19:14","date_gmt":"2021-04-14T07:19:14","guid":{"rendered":"https:\/\/irla.cat\/casairla\/?p=1387"},"modified":"2021-04-14T09:23:27","modified_gmt":"2021-04-14T07:23:27","slug":"dissabte-17-dabril-presentacio-del-llibre-les-animes-desquerra-breu-historia-derc-de-manel-lucas","status":"publish","type":"post","link":"https:\/\/irla.cat\/casairla\/2021\/04\/14\/dissabte-17-dabril-presentacio-del-llibre-les-animes-desquerra-breu-historia-derc-de-manel-lucas\/","title":{"rendered":"Dissabte 17 d&#8217;abril presentem &#8220;Les \u00e0nimes d&#8217;Esquerra. Breu historia d&#8217;ERC&#8221;"},"content":{"rendered":"\n<p>Dissabte 17 d&#8217;abril a les 19 h al <a href=\"https:\/\/www.facebook.com\/casairla\" target=\"_blank\" rel=\"noopener\">Facebook de la Casa Irla<\/a> presentem el llibre &#8220;Les \u00e0nimes d&#8217;Esquerra. Breu historia d&#8217;ERC&#8221; de Manel Lucas.<\/p>\n<p>Segurament, la principal pregunta que cal respondre quan parlem d\u2019ERC \u00e9s com un partit gaireb\u00e9 centenari \u2013per\u00f2 minoritari fa tan sols una d\u00e8cada- est\u00e0 avui en condicions, segons les enquestes d\u2019arribar a la presid\u00e8ncia de la Generalitat.<\/p>\n<p>Per\u00f2 hi ha altres interrogants. Quines s\u00f3n les \u00e0nimes, les tradicions d\u2019ERC i com han conviscut amb debats interns i escissions durant tantes d\u00e8cades? Qu\u00e8 tenen en com\u00fa personatges hist\u00f2rics de la formaci\u00f3 com Llu\u00eds Companys o Heribert Barrera amb Gabriel Rufi\u00e1n o Pere Aragon\u00e8s? Com pot ERC cogovernar un pa\u00eds tan complex com Catalunya amb el seu principal rival electoral? I encara m\u00e9s: es poden fer pol\u00edtiques d\u2019esquerres governant amb la principal for\u00e7a hist\u00f2rica de la dreta catalana? Com surt endavant una formaci\u00f3 pol\u00edtica amb el seu president a la pres\u00f3 i la seva secret\u00e0ria general a l\u2019exili? Com pot un partit, en pocs anys, passar d\u2019abanderar la DUI a defensar el di\u00e0leg amb el govern espanyol?<\/p>\n<p>En aquest llibre, Manel Lucas fa un esfor\u00e7 encomiable perqu\u00e8 entenguem com el m\u00e9s antic dels vaixells independentistes, passat de moda durant anys, ha arribat a convertir-se en una amena\u00e7a real per al seu rival hegem\u00f2nic, l\u2019antiga Converg\u00e8ncia i Uni\u00f3 i els seus hereus.<\/p>\n<p>\u00a0<\/p>\n","protected":false},"excerpt":{"rendered":"<p>Dissabte 17 d\u2019abril a les 19 h al Facebook de la Casa Irla presentem el llibre \u201cLes \u00e0nimes d\u2019Esquerra. Breu historia d\u2019ERC\u201d de Manel Lucas.<\/p>\n","protected":false},"author":1,"featured_media":1390,"comment_status":"closed","ping_status":"closed","sticky":false,"template":"","format":"standard","meta":{"footnotes":""},"categories":[1],"tags":[],"class_list":["post-1387","post","type-post","status-publish","format-standard","has-post-thumbnail","hentry","category-general"],"_links":{"self":[{"href":"https:\/\/irla.cat\/casairla\/wp-json\/wp\/v2\/posts\/1387","targetHints":{"allow":["GET"]}}],"collection":[{"href":"https:\/\/irla.cat\/casairla\/wp-json\/wp\/v2\/posts"}],"about":[{"href":"https:\/\/irla.cat\/casairla\/wp-json\/wp\/v2\/types\/post"}],"author":[{"embeddable":true,"href":"https:\/\/irla.cat\/casairla\/wp-json\/wp\/v2\/users\/1"}],"replies":[{"embeddable":true,"href":"https:\/\/irla.cat\/casairla\/wp-json\/wp\/v2\/comments?post=1387"}],"version-history":[{"count":5,"href":"https:\/\/irla.cat\/casairla\/wp-json\/wp\/v2\/posts\/1387\/revisions"}],"predecessor-version":[{"id":1394,"href":"https:\/\/irla.cat\/casairla\/wp-json\/wp\/v2\/posts\/1387\/revisions\/1394"}],"wp:featuredmedia":[{"embeddable":true,"href":"https:\/\/irla.cat\/casairla\/wp-json\/wp\/v2\/media\/1390"}],"wp:attachment":[{"href":"https:\/\/irla.cat\/casairla\/wp-json\/wp\/v2\/media?parent=1387"}],"wp:term":[{"taxonomy":"category","embeddable":true,"href":"https:\/\/irla.cat\/casairla\/wp-json\/wp\/v2\/categories?post=1387"},{"taxonomy":"post_tag","embeddable":true,"href":"https:\/\/irla.cat\/casairla\/wp-json\/wp\/v2\/tags?post=1387"}],"curies":[{"name":"wp","href":"https:\/\/api.w.org\/{rel}","templated":true}]}}