{"id":138,"date":"2013-12-01T16:16:28","date_gmt":"2013-12-01T15:16:28","guid":{"rendered":"http:\/\/www.irla.cat\/casairla\/?p=138"},"modified":"2017-03-14T16:18:07","modified_gmt":"2017-03-14T15:18:07","slug":"inscripcio-per-a-exposar-a-la-casa-irla","status":"publish","type":"post","link":"https:\/\/irla.cat\/casairla\/2013\/12\/01\/inscripcio-per-a-exposar-a-la-casa-irla\/","title":{"rendered":"Inscripci\u00f3 per a exposar a la Casa Irla"},"content":{"rendered":"<p>La Casa Irla obre un per\u00edode d&#8217;inscripcions per a totes aquelles persones que vulguin exposar les seves creacions art\u00edstiques a la Casa Irla durant l&#8217;any 2014.<!--more--><br \/>\nEs poden inscriure aquells\/es artistes que cre\u00efn peces d&#8217;art pr\u00f2pies, ja siguin de pintura, escultura, gravats, fotografia, o qualsevol altra modalitat art\u00edstica que pugui ser exposada a la Casa Irla.<\/p>\n<p>Les diferents propostes que s&#8217;inscriguin en aquest proc\u00e9s seran revisades i valorades per la Fundaci\u00f3 Josep Irla i seleccionades o rebutjades en cada cas. El per\u00edode de temps que romandr\u00e0 l&#8217;exposici\u00f3 a la Casa Irla ser\u00e0 de dos mesos i s&#8217;iniciar\u00e0 la temporada d&#8217;exposicions despr\u00e9s de les festes nadalenques.<\/p>\n<p>Podeu consultar les bases i condicions de les exposicions en aquesta p\u00e0gina: Bases exposicions.<br \/>\nUs podeu inscriure fins a finals de desembre omplint el formulari que teniu tot seguit, o b\u00e9 tamb\u00e9 trucant a la Casa Irla (972.11.74.39) o b\u00e9 enviant un correu electr\u00f2nic a: casa@irla.cat<\/p>\n<p>&nbsp;<\/p>\n","protected":false},"excerpt":{"rendered":"<p>La Casa Irla obre un per\u00edode d&#8217;inscripcions per a totes aquelles persones que vulguin exposar les seves creacions art\u00edstiques a<\/p>\n","protected":false},"author":1,"featured_media":139,"comment_status":"open","ping_status":"open","sticky":false,"template":"template-centered.php","format":"standard","meta":{"footnotes":""},"categories":[1],"tags":[],"class_list":["post-138","post","type-post","status-publish","format-standard","has-post-thumbnail","hentry","category-general"],"_links":{"self":[{"href":"https:\/\/irla.cat\/casairla\/wp-json\/wp\/v2\/posts\/138","targetHints":{"allow":["GET"]}}],"collection":[{"href":"https:\/\/irla.cat\/casairla\/wp-json\/wp\/v2\/posts"}],"about":[{"href":"https:\/\/irla.cat\/casairla\/wp-json\/wp\/v2\/types\/post"}],"author":[{"embeddable":true,"href":"https:\/\/irla.cat\/casairla\/wp-json\/wp\/v2\/users\/1"}],"replies":[{"embeddable":true,"href":"https:\/\/irla.cat\/casairla\/wp-json\/wp\/v2\/comments?post=138"}],"version-history":[{"count":1,"href":"https:\/\/irla.cat\/casairla\/wp-json\/wp\/v2\/posts\/138\/revisions"}],"predecessor-version":[{"id":140,"href":"https:\/\/irla.cat\/casairla\/wp-json\/wp\/v2\/posts\/138\/revisions\/140"}],"wp:featuredmedia":[{"embeddable":true,"href":"https:\/\/irla.cat\/casairla\/wp-json\/wp\/v2\/media\/139"}],"wp:attachment":[{"href":"https:\/\/irla.cat\/casairla\/wp-json\/wp\/v2\/media?parent=138"}],"wp:term":[{"taxonomy":"category","embeddable":true,"href":"https:\/\/irla.cat\/casairla\/wp-json\/wp\/v2\/categories?post=138"},{"taxonomy":"post_tag","embeddable":true,"href":"https:\/\/irla.cat\/casairla\/wp-json\/wp\/v2\/tags?post=138"}],"curies":[{"name":"wp","href":"https:\/\/api.w.org\/{rel}","templated":true}]}}