{"id":1372,"date":"2021-03-15T09:46:38","date_gmt":"2021-03-15T08:46:38","guid":{"rendered":"https:\/\/irla.cat\/casairla\/?p=1372"},"modified":"2021-03-15T09:46:39","modified_gmt":"2021-03-15T08:46:39","slug":"dissabte-20-de-marc-a-les-19-h-presentacio-del-llibre-de-roger-pera-exit-on-tot-comenca","status":"publish","type":"post","link":"https:\/\/irla.cat\/casairla\/2021\/03\/15\/dissabte-20-de-marc-a-les-19-h-presentacio-del-llibre-de-roger-pera-exit-on-tot-comenca\/","title":{"rendered":"Dissabte 20 de mar\u00e7 a les 19 h presentaci\u00f3 del llibre de Roger Pera &#8220;\u00c8xit. On tot comen\u00e7a&#8221;"},"content":{"rendered":"\n<p>Torna l&#8217;activitat presencial* a la Casa Irla amb la presentaci\u00f3 del llibre de Roger Pera &#8220;\u00c8xit. On tot comen\u00e7a&#8221;.<\/p>\n<p>Roger Pera repassa la seva extensa carrera professional, des que amb 9 anys va iniciar-se en el teatre i el doblatge, i tots els \u00e8xits i elogis que va acumular fins que vaestar a punt de perdre-ho tot. Escrit en un to directe i proper \u2014a estones dram\u00e0tic, a estones c\u00f2mic\u2014, aquest llibre \u00e9s tamb\u00e9 el relat sincer i honest de la seva lluita contra la droga.<\/p>\n<p>\u00abEl dissabte 25 de gener de 2014 hi havia programada funci\u00f3 de Germans de sang. A les 18.00 h. Es va anul\u00b7lar. [&#8230;] es va anul\u00b7lar perqu\u00e8 jo, que representava el protagonista,no m\u2019hi vaig presentar. [&#8230;] No puc dir que aquesta fos una situaci\u00f3 nova, perqu\u00e8 feia anys que estava enganxat a la coca\u00efna.\u00bb<\/p>\n<p>\u00abI sabeu qu\u00e8? El que us dir\u00e9 ara us sorprendr\u00e0: ESTIC AGRA\u00cfT A TOT AIX\u00d2 QUE M\u2019HA PASSAT. I s\u00ed, he canviat. Hem retrobat el Roger. I m\u2019he perdonat. Ho he aconseguit.\u00bb<\/p>\n<p>Amb textos de Jordi Bast\u00e9, Ismael Abadal, Marta Pera, Pep Sala, Ricard Reguant i Joan Pera.<\/p>\n<p>*Les presentacions presencials es faran amb aforament redu\u00eft i amb totes les mesures de seguretat Covid-19. Ser\u00e0 obligatori l&#8217;\u00fas de la mascareta, el rentat de mans amb gel hidroalcoh\u00f2lic a l&#8217;entrada, etc..<\/p>\n","protected":false},"excerpt":{"rendered":"<p>Torna l&#8217;activitat presencial a la Casa Irla amb la presentaci\u00f3 del llibre de Roger Pera &#8220;\u00c8xit. On tot comen\u00e7a&#8221;.<\/p>\n","protected":false},"author":1,"featured_media":1369,"comment_status":"closed","ping_status":"closed","sticky":false,"template":"","format":"standard","meta":{"footnotes":""},"categories":[1],"tags":[],"class_list":["post-1372","post","type-post","status-publish","format-standard","has-post-thumbnail","hentry","category-general"],"_links":{"self":[{"href":"https:\/\/irla.cat\/casairla\/wp-json\/wp\/v2\/posts\/1372","targetHints":{"allow":["GET"]}}],"collection":[{"href":"https:\/\/irla.cat\/casairla\/wp-json\/wp\/v2\/posts"}],"about":[{"href":"https:\/\/irla.cat\/casairla\/wp-json\/wp\/v2\/types\/post"}],"author":[{"embeddable":true,"href":"https:\/\/irla.cat\/casairla\/wp-json\/wp\/v2\/users\/1"}],"replies":[{"embeddable":true,"href":"https:\/\/irla.cat\/casairla\/wp-json\/wp\/v2\/comments?post=1372"}],"version-history":[{"count":1,"href":"https:\/\/irla.cat\/casairla\/wp-json\/wp\/v2\/posts\/1372\/revisions"}],"predecessor-version":[{"id":1373,"href":"https:\/\/irla.cat\/casairla\/wp-json\/wp\/v2\/posts\/1372\/revisions\/1373"}],"wp:featuredmedia":[{"embeddable":true,"href":"https:\/\/irla.cat\/casairla\/wp-json\/wp\/v2\/media\/1369"}],"wp:attachment":[{"href":"https:\/\/irla.cat\/casairla\/wp-json\/wp\/v2\/media?parent=1372"}],"wp:term":[{"taxonomy":"category","embeddable":true,"href":"https:\/\/irla.cat\/casairla\/wp-json\/wp\/v2\/categories?post=1372"},{"taxonomy":"post_tag","embeddable":true,"href":"https:\/\/irla.cat\/casairla\/wp-json\/wp\/v2\/tags?post=1372"}],"curies":[{"name":"wp","href":"https:\/\/api.w.org\/{rel}","templated":true}]}}