{"id":1353,"date":"2021-02-16T09:54:56","date_gmt":"2021-02-16T08:54:56","guid":{"rendered":"https:\/\/irla.cat\/casairla\/?p=1353"},"modified":"2021-02-25T09:13:39","modified_gmt":"2021-02-25T08:13:39","slug":"dissabte-20-de-febrer-presetem-el-llibre-el-judici-de-la-meva-vida-de-jordi-pina","status":"publish","type":"post","link":"https:\/\/irla.cat\/casairla\/2021\/02\/16\/dissabte-20-de-febrer-presetem-el-llibre-el-judici-de-la-meva-vida-de-jordi-pina\/","title":{"rendered":"Dissabte 20 de febrer presetem el llibre &#8220;El judici de la meva vida&#8221; de Jordi Pina"},"content":{"rendered":"\n<p>Dissabte dia 20 de febrer a les 19 h presentarem en streaming al Facebook de la Casa Irla el llibre &#8220;El judici de la meva vida&#8221; de Jordi Pina.<\/p>\n<p>Presentar\u00e0 l&#8217;acte l&#8217;advocat Jordi Vil\u00e0. El llibre el podreu comprar com sempre a la llibreria La Guineu.<\/p>\n<p>Jordi Pina relata en primera persona la viv\u00e8ncia del proc\u00e9s catal\u00e0 des que li encomanen la defensa de Jordi S\u00e0nchez, Josep Rull i Jordi Turull fins que el judici queda vist per a sent\u00e8ncia. Dos anys llargs d\u2019un proc\u00e9s jur\u00eddic amb una forta c\u00e0rrega pol\u00edtica, d\u2019anades i vingudes a les presons i als tribunals, de comunicacions rere un vidre. D\u2019hores de treball en equip i de reflexions en soledat. D\u2019agombolar<br \/>les fam\u00edlies i de donar la cara davant dels mitjans. Amb el coratge d\u2019enfrontar-se a tot un entramat ideol\u00f2gic que utilitza paranys i falsedats, l\u2019advocat ens fa part\u00edcips de la relaci\u00f3 amb els funcionaris de presons i dels jutjats, amb els lletrats, els magistrats i amb els fiscals, amb els companys de la defensa i, sobretot, amb els presos pol\u00edtics i les seves fam\u00edlies.<\/p>\n<p>\u00abVaig tenir consci\u00e8ncia plena de la pot\u00e8ncia i la mala llet de l\u2019estat espanyol en aquest procediment. Aqu\u00ed ja vaig deixar de tenir dubtes sobre el que havia cregut sempre que significava l\u2019acci\u00f3 de la just\u00edcia, a la qual jo m\u2019havia dedicat durant trenta anys de professi\u00f3, que era defensar persones, i vaig comen\u00e7ar a plantejar-me seriosament si valia la pena formar part de tot aix\u00f2, i em preguntava qu\u00e8 estava passant perqu\u00e8 es torc\u00e9s tant l\u2019acci\u00f3 de la just\u00edcia\u00bb.<\/p>\n","protected":false},"excerpt":{"rendered":"<p>Dissabte dia 20 de febrer a les 19 h presentarem en streaming al Facebook de la Casa Irla el llibre &#8220;El judici de la meva vida&#8221; de Jordi Pina.<\/p>\n","protected":false},"author":1,"featured_media":1354,"comment_status":"closed","ping_status":"closed","sticky":false,"template":"","format":"standard","meta":{"footnotes":""},"categories":[1],"tags":[],"class_list":["post-1353","post","type-post","status-publish","format-standard","has-post-thumbnail","hentry","category-general"],"_links":{"self":[{"href":"https:\/\/irla.cat\/casairla\/wp-json\/wp\/v2\/posts\/1353","targetHints":{"allow":["GET"]}}],"collection":[{"href":"https:\/\/irla.cat\/casairla\/wp-json\/wp\/v2\/posts"}],"about":[{"href":"https:\/\/irla.cat\/casairla\/wp-json\/wp\/v2\/types\/post"}],"author":[{"embeddable":true,"href":"https:\/\/irla.cat\/casairla\/wp-json\/wp\/v2\/users\/1"}],"replies":[{"embeddable":true,"href":"https:\/\/irla.cat\/casairla\/wp-json\/wp\/v2\/comments?post=1353"}],"version-history":[{"count":3,"href":"https:\/\/irla.cat\/casairla\/wp-json\/wp\/v2\/posts\/1353\/revisions"}],"predecessor-version":[{"id":1364,"href":"https:\/\/irla.cat\/casairla\/wp-json\/wp\/v2\/posts\/1353\/revisions\/1364"}],"wp:featuredmedia":[{"embeddable":true,"href":"https:\/\/irla.cat\/casairla\/wp-json\/wp\/v2\/media\/1354"}],"wp:attachment":[{"href":"https:\/\/irla.cat\/casairla\/wp-json\/wp\/v2\/media?parent=1353"}],"wp:term":[{"taxonomy":"category","embeddable":true,"href":"https:\/\/irla.cat\/casairla\/wp-json\/wp\/v2\/categories?post=1353"},{"taxonomy":"post_tag","embeddable":true,"href":"https:\/\/irla.cat\/casairla\/wp-json\/wp\/v2\/tags?post=1353"}],"curies":[{"name":"wp","href":"https:\/\/api.w.org\/{rel}","templated":true}]}}