{"id":135,"date":"2013-11-25T16:11:53","date_gmt":"2013-11-25T15:11:53","guid":{"rendered":"http:\/\/www.irla.cat\/casairla\/?p=135"},"modified":"2017-03-14T16:13:58","modified_gmt":"2017-03-14T15:13:58","slug":"lendema-de-la-independencia","status":"publish","type":"post","link":"https:\/\/irla.cat\/casairla\/2013\/11\/25\/lendema-de-la-independencia\/","title":{"rendered":"L&#8217;endem\u00e0 de la independ\u00e8ncia"},"content":{"rendered":"<p>Albert Pont, autor del llibre: \u201cAddendum. L\u2019endem\u00e0 de la independ\u00e8ncia\u201d.<\/p>\n<p><!--more-->Ens va explicar dissabte passat els motius pels quals Catalunya necessita amb urg\u00e8ncia ser un estat independent. A banda de totes les consideracions nacionals, culturals i hist\u00f2riques hi ha un argument de pes: l\u2019econ\u00f2mic, l\u2019espoli fiscal que pateix Catalunya des de fa unes d\u00e8cades.<\/p>\n<p>En els darrers vint anys el d\u00e8ficit fiscal ha estat de 267.000 M \u20ac\u2026 Qualsevol pa\u00eds del m\u00f3n amb aquesta sagnia econ\u00f2mica ja hauria fet fallida, per\u00f2 Catalunya continua endavant\u2026 ser\u00e0 per aquella dita nostra: \u201cels catalans de les pedres en fem pans\u201d<\/p>\n<p>&nbsp;<\/p>\n","protected":false},"excerpt":{"rendered":"<p>Albert Pont, autor del llibre: \u201cAddendum. L\u2019endem\u00e0 de la independ\u00e8ncia\u201d.<\/p>\n","protected":false},"author":1,"featured_media":136,"comment_status":"open","ping_status":"open","sticky":false,"template":"template-centered.php","format":"standard","meta":{"footnotes":""},"categories":[1],"tags":[],"class_list":["post-135","post","type-post","status-publish","format-standard","has-post-thumbnail","hentry","category-general"],"_links":{"self":[{"href":"https:\/\/irla.cat\/casairla\/wp-json\/wp\/v2\/posts\/135","targetHints":{"allow":["GET"]}}],"collection":[{"href":"https:\/\/irla.cat\/casairla\/wp-json\/wp\/v2\/posts"}],"about":[{"href":"https:\/\/irla.cat\/casairla\/wp-json\/wp\/v2\/types\/post"}],"author":[{"embeddable":true,"href":"https:\/\/irla.cat\/casairla\/wp-json\/wp\/v2\/users\/1"}],"replies":[{"embeddable":true,"href":"https:\/\/irla.cat\/casairla\/wp-json\/wp\/v2\/comments?post=135"}],"version-history":[{"count":1,"href":"https:\/\/irla.cat\/casairla\/wp-json\/wp\/v2\/posts\/135\/revisions"}],"predecessor-version":[{"id":137,"href":"https:\/\/irla.cat\/casairla\/wp-json\/wp\/v2\/posts\/135\/revisions\/137"}],"wp:featuredmedia":[{"embeddable":true,"href":"https:\/\/irla.cat\/casairla\/wp-json\/wp\/v2\/media\/136"}],"wp:attachment":[{"href":"https:\/\/irla.cat\/casairla\/wp-json\/wp\/v2\/media?parent=135"}],"wp:term":[{"taxonomy":"category","embeddable":true,"href":"https:\/\/irla.cat\/casairla\/wp-json\/wp\/v2\/categories?post=135"},{"taxonomy":"post_tag","embeddable":true,"href":"https:\/\/irla.cat\/casairla\/wp-json\/wp\/v2\/tags?post=135"}],"curies":[{"name":"wp","href":"https:\/\/api.w.org\/{rel}","templated":true}]}}