{"id":1335,"date":"2021-01-28T08:57:52","date_gmt":"2021-01-28T07:57:52","guid":{"rendered":"https:\/\/irla.cat\/casairla\/?p=1335"},"modified":"2021-01-28T09:01:34","modified_gmt":"2021-01-28T08:01:34","slug":"dissabte-30-de-gener-presentacio-del-llibre-paraula-de-jueus-de-marti-gironell","status":"publish","type":"post","link":"https:\/\/irla.cat\/casairla\/2021\/01\/28\/dissabte-30-de-gener-presentacio-del-llibre-paraula-de-jueus-de-marti-gironell\/","title":{"rendered":"Dissabte 30 de gener presentaci\u00f3 del llibre &#8220;Paraula de jueu&#8221; de Mart\u00ed Gironell"},"content":{"rendered":"\n<p>Dissabte 30 de gener a les 19 h farem la presentaci\u00f3 del llibre del Mart\u00ed Gironell &#8220;Paraula de jueu&#8221; en streaming a trav\u00e9s de Facebook de la <a href=\"https:\/\/www.facebook.com\/casairla\" target=\"_blank\" rel=\"noopener noreferrer\">Casa Irla.<\/a><\/p>\n<p>Una aventura medieval i vital que protagonitzen en Kim i l\u2019Ester, una noia cristiana que treballa entre l\u2019Hospital de l\u2019Almoina de Barcelona i el call jueu. A trav\u00e9s d\u2019ellsveurem com jueus i cristians viuen la seva complexa realitat mentre ens capbussemen els costums del segle XIV. El poder de les paraules, la for\u00e7a de les conviccions,l\u2019amor i el respecte com a ingredients b\u00e0sics per aixecar un pont d\u2019entesa entre lesdues religions.<\/p>\n<p>Una empresa que no ser\u00e0 gens f\u00e0cil perqu\u00e8 trobaran persones d\u2019uncostat i de l\u2019altre que estaran disposades a impedir-ho.<\/p>\n<p>Despr\u00e9s de l\u2019\u00e8xit d\u2019El pont dels jueus, una de les novel\u00b7les hist\u00f2riques m\u00e9s venudes en catal\u00e0 dels \u00faltims anys amb 100.000 lectors, arriba la seva continuaci\u00f3 m\u00e9s esperada.<\/p>\n<p>La presentaci\u00f3 anir\u00e0 a c\u00e0rrec de Mar\u00ed Gironell, autor del llibre i de Pilar Gir\u00f3, Comiss\u00e0ria Espai Carmen Thyssen.<\/p>\n<p>\u00a0<\/p>\n","protected":false},"excerpt":{"rendered":"<p>Dissabte 30 de gener a les 19 h farem la presentaci\u00f3 del llibre del Mart\u00ed Gironell &#8220;Paraula de jueu&#8221; en streaming al Facebook de la Casa Irla.<\/p>\n","protected":false},"author":1,"featured_media":1336,"comment_status":"closed","ping_status":"closed","sticky":false,"template":"","format":"standard","meta":{"footnotes":""},"categories":[1],"tags":[],"class_list":["post-1335","post","type-post","status-publish","format-standard","has-post-thumbnail","hentry","category-general"],"_links":{"self":[{"href":"https:\/\/irla.cat\/casairla\/wp-json\/wp\/v2\/posts\/1335","targetHints":{"allow":["GET"]}}],"collection":[{"href":"https:\/\/irla.cat\/casairla\/wp-json\/wp\/v2\/posts"}],"about":[{"href":"https:\/\/irla.cat\/casairla\/wp-json\/wp\/v2\/types\/post"}],"author":[{"embeddable":true,"href":"https:\/\/irla.cat\/casairla\/wp-json\/wp\/v2\/users\/1"}],"replies":[{"embeddable":true,"href":"https:\/\/irla.cat\/casairla\/wp-json\/wp\/v2\/comments?post=1335"}],"version-history":[{"count":7,"href":"https:\/\/irla.cat\/casairla\/wp-json\/wp\/v2\/posts\/1335\/revisions"}],"predecessor-version":[{"id":1343,"href":"https:\/\/irla.cat\/casairla\/wp-json\/wp\/v2\/posts\/1335\/revisions\/1343"}],"wp:featuredmedia":[{"embeddable":true,"href":"https:\/\/irla.cat\/casairla\/wp-json\/wp\/v2\/media\/1336"}],"wp:attachment":[{"href":"https:\/\/irla.cat\/casairla\/wp-json\/wp\/v2\/media?parent=1335"}],"wp:term":[{"taxonomy":"category","embeddable":true,"href":"https:\/\/irla.cat\/casairla\/wp-json\/wp\/v2\/categories?post=1335"},{"taxonomy":"post_tag","embeddable":true,"href":"https:\/\/irla.cat\/casairla\/wp-json\/wp\/v2\/tags?post=1335"}],"curies":[{"name":"wp","href":"https:\/\/api.w.org\/{rel}","templated":true}]}}