{"id":1329,"date":"2021-01-22T09:55:27","date_gmt":"2021-01-22T08:55:27","guid":{"rendered":"https:\/\/irla.cat\/casairla\/?p=1329"},"modified":"2021-01-22T09:56:15","modified_gmt":"2021-01-22T08:56:15","slug":"consulteu-la-programacio-dactivitats-de-la-casa-irla-per-la-temporada-hivern-primavera-2021","status":"publish","type":"post","link":"https:\/\/irla.cat\/casairla\/2021\/01\/22\/consulteu-la-programacio-dactivitats-de-la-casa-irla-per-la-temporada-hivern-primavera-2021\/","title":{"rendered":"Consulteu la programaci\u00f3 d&#8217;activitats de la Casa Irla Hivern-Primavera 2021"},"content":{"rendered":"\n<p>Ja podeu consultar les activitats que es duran a terme a la Casa Irla per la temporada Hivern-Primavera 2021.<\/p>\n<p class=\"p1\">Seguim amb unes afectacions importants degudes a la pand\u00e8mia mundial, \u00e9s per aix\u00f2 que ens cal trobar ben aviat una soluci\u00f3 m\u00e8dica a la Covid, per\u00f2, no est\u00e0 a les nostres mans, sin\u00f3 a les de la comunitat sanit\u00e0ria i cient\u00edfica a qui, evidentment, recolzem.<\/p>\n<p class=\"p1\">El sector cultural n\u2019est\u00e0 patint unes fortes consequ\u0308.ncies, com molts sectors, ja que la cultura \u00e9s un eix vertebrador del nostre dia a dia, \u00e9s un contacte directe: \u00e9s veure art, \u00e9s sentir i vibrar amb la m\u00fasica en directe, \u00e9s parlar i debatre amb els autors i autores de tu a tu.<\/p>\n<p class=\"p1\">Malgrat tot, amb optimisme, programem la nova temporada d\u2019aquest hivern i inicis de primavera de la Casa Irla amb les exposicions d\u2019art i, les presentacions de novetats editorials de narrativa com en Mart\u00ed Gironell o la N\u00faria Esponell\u00e0 (Premi Prudenci Bertrana 2020), o d\u2019assaig com el periodista Manel Lucas, l\u2019advocat Jordi Pina o l\u2019escriptora i pol\u00edtica Jenn D\u00edaz o, fins i tot, el relat sincer de l\u2019actor Roger Pera o el receptari del cuiner Enric Herce.<\/p>\n<p class=\"p1\">Amb aquests noms i els d\u2019altres, us esperem a la casa cultural ganxona.<\/p>\n<p class=\"p1\">L\u2019art i la cultura ens fa (sobre)viure, cuidem-la m\u00e9s que mai, cuidem-nos.<\/p>\n<p>\u00a0<\/p>\n","protected":false},"excerpt":{"rendered":"<p>Ja podeu consultar les activitats que es duran a terme a la Casa Irla per la temporada Hivern-Primavera 2021.<\/p>\n","protected":false},"author":1,"featured_media":1330,"comment_status":"closed","ping_status":"closed","sticky":false,"template":"","format":"standard","meta":{"footnotes":""},"categories":[1],"tags":[],"class_list":["post-1329","post","type-post","status-publish","format-standard","has-post-thumbnail","hentry","category-general"],"_links":{"self":[{"href":"https:\/\/irla.cat\/casairla\/wp-json\/wp\/v2\/posts\/1329","targetHints":{"allow":["GET"]}}],"collection":[{"href":"https:\/\/irla.cat\/casairla\/wp-json\/wp\/v2\/posts"}],"about":[{"href":"https:\/\/irla.cat\/casairla\/wp-json\/wp\/v2\/types\/post"}],"author":[{"embeddable":true,"href":"https:\/\/irla.cat\/casairla\/wp-json\/wp\/v2\/users\/1"}],"replies":[{"embeddable":true,"href":"https:\/\/irla.cat\/casairla\/wp-json\/wp\/v2\/comments?post=1329"}],"version-history":[{"count":3,"href":"https:\/\/irla.cat\/casairla\/wp-json\/wp\/v2\/posts\/1329\/revisions"}],"predecessor-version":[{"id":1333,"href":"https:\/\/irla.cat\/casairla\/wp-json\/wp\/v2\/posts\/1329\/revisions\/1333"}],"wp:featuredmedia":[{"embeddable":true,"href":"https:\/\/irla.cat\/casairla\/wp-json\/wp\/v2\/media\/1330"}],"wp:attachment":[{"href":"https:\/\/irla.cat\/casairla\/wp-json\/wp\/v2\/media?parent=1329"}],"wp:term":[{"taxonomy":"category","embeddable":true,"href":"https:\/\/irla.cat\/casairla\/wp-json\/wp\/v2\/categories?post=1329"},{"taxonomy":"post_tag","embeddable":true,"href":"https:\/\/irla.cat\/casairla\/wp-json\/wp\/v2\/tags?post=1329"}],"curies":[{"name":"wp","href":"https:\/\/api.w.org\/{rel}","templated":true}]}}