{"id":1318,"date":"2020-12-22T08:43:16","date_gmt":"2020-12-22T07:43:16","guid":{"rendered":"https:\/\/irla.cat\/casairla\/?p=1318"},"modified":"2021-01-04T08:48:18","modified_gmt":"2021-01-04T07:48:18","slug":"la-casa-irla-i-la-fundacio-josep-irla-us-desitgen-bones-festes-i-felic-2021","status":"publish","type":"post","link":"https:\/\/irla.cat\/casairla\/2020\/12\/22\/la-casa-irla-i-la-fundacio-josep-irla-us-desitgen-bones-festes-i-felic-2021\/","title":{"rendered":"La Casa Irla i la Fundaci\u00f3 Josep Irla us desitgen Bones Festes i Feli\u00e7 2021"},"content":{"rendered":"\n<p>Per un 2021 on la just\u00edcia i la igualtat de drets siguin el motor de transformaci\u00f3 social i pol\u00edtic. Bones Festes!<\/p>\n<p>Des de l&#8217;equip de la Casa Irla i la Fundaci\u00f3 Josep Irla us desitgem unes bones festes i un millor any nou!<\/p>\n<div style=\"width: 840px;\" class=\"wp-video\"><video class=\"wp-video-shortcode\" id=\"video-1318-1\" width=\"840\" height=\"473\" preload=\"metadata\" controls=\"controls\"><source type=\"video\/mp4\" src=\"https:\/\/irla.cat\/casairla\/wp-content\/uploads\/2021\/01\/Video-Nadal-2020.mp4?_=1\" \/><a href=\"https:\/\/irla.cat\/casairla\/wp-content\/uploads\/2021\/01\/Video-Nadal-2020.mp4\">https:\/\/irla.cat\/casairla\/wp-content\/uploads\/2021\/01\/Video-Nadal-2020.mp4<\/a><\/video><\/div>\n","protected":false},"excerpt":{"rendered":"<p>Per un 2021 on la just\u00edcia i la igualtat de drets siguin el motor de transformaci\u00f3 social i pol\u00edtic. Bones Festes!<\/p>\n","protected":false},"author":1,"featured_media":1321,"comment_status":"closed","ping_status":"closed","sticky":false,"template":"","format":"standard","meta":{"footnotes":""},"categories":[1],"tags":[],"class_list":["post-1318","post","type-post","status-publish","format-standard","has-post-thumbnail","hentry","category-general"],"_links":{"self":[{"href":"https:\/\/irla.cat\/casairla\/wp-json\/wp\/v2\/posts\/1318","targetHints":{"allow":["GET"]}}],"collection":[{"href":"https:\/\/irla.cat\/casairla\/wp-json\/wp\/v2\/posts"}],"about":[{"href":"https:\/\/irla.cat\/casairla\/wp-json\/wp\/v2\/types\/post"}],"author":[{"embeddable":true,"href":"https:\/\/irla.cat\/casairla\/wp-json\/wp\/v2\/users\/1"}],"replies":[{"embeddable":true,"href":"https:\/\/irla.cat\/casairla\/wp-json\/wp\/v2\/comments?post=1318"}],"version-history":[{"count":3,"href":"https:\/\/irla.cat\/casairla\/wp-json\/wp\/v2\/posts\/1318\/revisions"}],"predecessor-version":[{"id":1323,"href":"https:\/\/irla.cat\/casairla\/wp-json\/wp\/v2\/posts\/1318\/revisions\/1323"}],"wp:featuredmedia":[{"embeddable":true,"href":"https:\/\/irla.cat\/casairla\/wp-json\/wp\/v2\/media\/1321"}],"wp:attachment":[{"href":"https:\/\/irla.cat\/casairla\/wp-json\/wp\/v2\/media?parent=1318"}],"wp:term":[{"taxonomy":"category","embeddable":true,"href":"https:\/\/irla.cat\/casairla\/wp-json\/wp\/v2\/categories?post=1318"},{"taxonomy":"post_tag","embeddable":true,"href":"https:\/\/irla.cat\/casairla\/wp-json\/wp\/v2\/tags?post=1318"}],"curies":[{"name":"wp","href":"https:\/\/api.w.org\/{rel}","templated":true}]}}