{"id":1306,"date":"2020-10-13T09:20:40","date_gmt":"2020-10-13T07:20:40","guid":{"rendered":"https:\/\/irla.cat\/casairla\/?p=1306"},"modified":"2020-10-13T09:22:28","modified_gmt":"2020-10-13T07:22:28","slug":"dissabte-24-doctubre-a-les-19-h-presentacio-del-llibre-el-judici-de-la-meva-vida-de-jordi-pina","status":"publish","type":"post","link":"https:\/\/irla.cat\/casairla\/2020\/10\/13\/dissabte-24-doctubre-a-les-19-h-presentacio-del-llibre-el-judici-de-la-meva-vida-de-jordi-pina\/","title":{"rendered":"Dissabte 24 d&#8217;octubre a les 19 h presentaci\u00f3 de &#8220;El judici de la meva vida&#8221; de Jordi Pina"},"content":{"rendered":"\n<p>La presentaci\u00f3 de &#8220;El judici de la meva vida&#8221; comptar\u00e0 amb la participaci\u00f3 de l&#8217;autor, Jordi Pina, i de l&#8217;advocat ganx\u00f3 Jordi Vil\u00e0.<\/p>\n<div>El llibre de Jordi Pina, amb pr\u00f2leg de Lluis Llach,\u00a0 relata en primera persona la viv\u00e8ncia del proc\u00e9s catal\u00e0 des que li encomanen la defensa de Jordi S\u00e0nchez, Josep Rull i Jordi Turull fins que el judici queda vist per a sent\u00e8ncia.<\/div>\n<div>\u00a0<\/div>\n<div>Dos anys llargs d\u2019un proc\u00e9s jur\u00eddic amb una forta c\u00e0rrega pol\u00edtica, d\u2019anades i vingudes a les presons i als tribunals, de comunicacions rere un vidre. D\u2019hores de treball en equip i de reflexions en soledat. D\u2019agombolar les fam\u00edlies i de donar la cara davant dels mitjans.<\/div>\n<div>\u00a0<\/div>\n<div>Amb el coratge d\u2019enfrontar-se a tot un entramat ideol\u00f2gic que utilitza paranys i falsedats, l\u2019advocat ens fa part\u00edcips de la relaci\u00f3 amb els funcionaris de presons i dels jutjats, amb els lletrats, els magistrats i amb els fiscals, amb els companys de la defensa i, sobretot, amb els presos pol\u00edtics i les seves fam\u00edlies.<\/div>\n<div>\u00a0<\/div>\n<div><em>\u00abVaig tenir consci\u00e8ncia plena de la pot\u00e8ncia i la mala llet de l\u2019estat espanyol en aquest procediment. Aqu\u00ed ja vaig deixar de tenir dubtes sobre el que havia cregut sempre que significava l\u2019acci\u00f3 de la just\u00edcia, a la qual jo m\u2019havia dedicat durant trenta anys de professi\u00f3, que era defensar persones, i vaig comen\u00e7ar a plantejar- me seriosament si valia la pena formar part de tot aix\u00f2, i em preguntava qu\u00e8 estava passant perqu\u00e8 es torc\u00e9s tant l\u2019acci\u00f3 de la just\u00edcia\u00bb.<\/em><\/div>\n<div>\u00a0<\/div>\n","protected":false},"excerpt":{"rendered":"<p>La presentaci\u00f3 de &#8220;El judici de la meva vida&#8221; comptar\u00e0 amb la participaci\u00f3 de l&#8217;autor, Jordi Pina, i de l&#8217;advocat ganx\u00f3 Jordi Vil\u00e0.<\/p>\n","protected":false},"author":1,"featured_media":1307,"comment_status":"closed","ping_status":"closed","sticky":false,"template":"","format":"standard","meta":{"footnotes":""},"categories":[1],"tags":[],"class_list":["post-1306","post","type-post","status-publish","format-standard","has-post-thumbnail","hentry","category-general"],"_links":{"self":[{"href":"https:\/\/irla.cat\/casairla\/wp-json\/wp\/v2\/posts\/1306","targetHints":{"allow":["GET"]}}],"collection":[{"href":"https:\/\/irla.cat\/casairla\/wp-json\/wp\/v2\/posts"}],"about":[{"href":"https:\/\/irla.cat\/casairla\/wp-json\/wp\/v2\/types\/post"}],"author":[{"embeddable":true,"href":"https:\/\/irla.cat\/casairla\/wp-json\/wp\/v2\/users\/1"}],"replies":[{"embeddable":true,"href":"https:\/\/irla.cat\/casairla\/wp-json\/wp\/v2\/comments?post=1306"}],"version-history":[{"count":5,"href":"https:\/\/irla.cat\/casairla\/wp-json\/wp\/v2\/posts\/1306\/revisions"}],"predecessor-version":[{"id":1312,"href":"https:\/\/irla.cat\/casairla\/wp-json\/wp\/v2\/posts\/1306\/revisions\/1312"}],"wp:featuredmedia":[{"embeddable":true,"href":"https:\/\/irla.cat\/casairla\/wp-json\/wp\/v2\/media\/1307"}],"wp:attachment":[{"href":"https:\/\/irla.cat\/casairla\/wp-json\/wp\/v2\/media?parent=1306"}],"wp:term":[{"taxonomy":"category","embeddable":true,"href":"https:\/\/irla.cat\/casairla\/wp-json\/wp\/v2\/categories?post=1306"},{"taxonomy":"post_tag","embeddable":true,"href":"https:\/\/irla.cat\/casairla\/wp-json\/wp\/v2\/tags?post=1306"}],"curies":[{"name":"wp","href":"https:\/\/api.w.org\/{rel}","templated":true}]}}