{"id":1301,"date":"2020-10-07T09:27:05","date_gmt":"2020-10-07T07:27:05","guid":{"rendered":"https:\/\/irla.cat\/casairla\/?p=1301"},"modified":"2020-10-07T09:27:35","modified_gmt":"2020-10-07T07:27:35","slug":"dissabte-17-doctubre-a-les-19-h-espectacle-camins-del-paradis-poemes-de-jacint-verdaguer","status":"publish","type":"post","link":"https:\/\/irla.cat\/casairla\/2020\/10\/07\/dissabte-17-doctubre-a-les-19-h-espectacle-camins-del-paradis-poemes-de-jacint-verdaguer\/","title":{"rendered":"Dissabte 17 d&#8217;octubre a les 19 h &#8220;Camins del parad\u00eds. Poemes de Jacint Verdaguer&#8221;"},"content":{"rendered":"\n<p>&#8220;Camins del parad\u00eds. Poemes de Jacint Verdaguer&#8221; amb dramat\u00fargia de Jordi Lara, comptar\u00e0 amb la interpretaci\u00f3 de Valent\u00ed Maym\u00f3, rapsode i tenor.<\/p>\n<div>Amb &#8220;Camins del parad\u00eds. Poemes de Jacint Verdaguer&#8221;, el rapsode i tenorista Valent\u00ed Mam\u00f3 ens convida a un espectacle singular.<\/div>\n<div>\u00a0<\/div>\n<div>Es posa a la pell del poeta Jacint Verdaguer, que ens parla de la seva vida i ens diu, de manera emocionant, alguns del poemes del folguerolenc.<\/div>\n<div>\u00a0<\/div>\n<div>L\u2019espectacle comen\u00e7a amb l\u2019arribada de Jacint Verdaguer al Parad\u00eds despr\u00e9s de la seva mort. All\u00e0, buscant la mare, que li van ensenyar les can\u00e7ons de la infantesa, es proposa fer-se sentir amb la can\u00e7\u00f3 del Parad\u00eds, que interpreta a la tenora.<\/div>\n<div>\u00a0<\/div>\n<div>La dramat\u00fargia de Jordi Lara ens porta per aquest viatge biogr\u00e0fic i literari de gran intensitat.<\/div>\n<div>\u00a0<\/div>\n<div>\u00a0<\/div>\n<div>\n<div dir=\"auto\"><em>A causa de l&#8217;excepcionalitat del moment que visquem degut a la Covid-19 l&#8217;aforament ser\u00e0 limitat a la meitat de la capacitat, s&#8217;hauran de desinfectar les mans amb gel hidroalcoh\u00f2lic a l&#8217;entrada del local i ser\u00e0 obligatori l&#8217;\u00fas de la mascareta.<\/em><\/div>\n<div dir=\"auto\">\u00a0<\/div>\n<div dir=\"auto\"><em>Gr\u00e0cies per la comprensi\u00f3.<\/em><\/div>\n<div dir=\"auto\">\u00a0<\/div>\n<\/div>\n","protected":false},"excerpt":{"rendered":"<p>&#8220;Camins del parad\u00eds. Poemes de Jacint Verdaguer&#8221; amb dramat\u00fargia de Jordi Lara, comptar\u00e0 amb la interpretaci\u00f3 de Valent\u00ed Maym\u00f3, rapsode i tenor.<\/p>\n","protected":false},"author":1,"featured_media":1302,"comment_status":"closed","ping_status":"closed","sticky":false,"template":"","format":"standard","meta":{"footnotes":""},"categories":[1],"tags":[],"class_list":["post-1301","post","type-post","status-publish","format-standard","has-post-thumbnail","hentry","category-general"],"_links":{"self":[{"href":"https:\/\/irla.cat\/casairla\/wp-json\/wp\/v2\/posts\/1301","targetHints":{"allow":["GET"]}}],"collection":[{"href":"https:\/\/irla.cat\/casairla\/wp-json\/wp\/v2\/posts"}],"about":[{"href":"https:\/\/irla.cat\/casairla\/wp-json\/wp\/v2\/types\/post"}],"author":[{"embeddable":true,"href":"https:\/\/irla.cat\/casairla\/wp-json\/wp\/v2\/users\/1"}],"replies":[{"embeddable":true,"href":"https:\/\/irla.cat\/casairla\/wp-json\/wp\/v2\/comments?post=1301"}],"version-history":[{"count":2,"href":"https:\/\/irla.cat\/casairla\/wp-json\/wp\/v2\/posts\/1301\/revisions"}],"predecessor-version":[{"id":1304,"href":"https:\/\/irla.cat\/casairla\/wp-json\/wp\/v2\/posts\/1301\/revisions\/1304"}],"wp:featuredmedia":[{"embeddable":true,"href":"https:\/\/irla.cat\/casairla\/wp-json\/wp\/v2\/media\/1302"}],"wp:attachment":[{"href":"https:\/\/irla.cat\/casairla\/wp-json\/wp\/v2\/media?parent=1301"}],"wp:term":[{"taxonomy":"category","embeddable":true,"href":"https:\/\/irla.cat\/casairla\/wp-json\/wp\/v2\/categories?post=1301"},{"taxonomy":"post_tag","embeddable":true,"href":"https:\/\/irla.cat\/casairla\/wp-json\/wp\/v2\/tags?post=1301"}],"curies":[{"name":"wp","href":"https:\/\/api.w.org\/{rel}","templated":true}]}}