{"id":130,"date":"2013-11-24T16:04:59","date_gmt":"2013-11-24T15:04:59","guid":{"rendered":"http:\/\/www.irla.cat\/casairla\/?p=130"},"modified":"2017-03-15T00:49:47","modified_gmt":"2017-03-14T23:49:47","slug":"pilar-rahola-la-independencia-sortira-be","status":"publish","type":"post","link":"https:\/\/irla.cat\/casairla\/2013\/11\/24\/pilar-rahola-la-independencia-sortira-be\/","title":{"rendered":"Pilar Rahola: &#8220;la independ\u00e8ncia sortir\u00e0 b\u00e9&#8221;"},"content":{"rendered":"<p>Pilar Rahola va presentar dissabte passat a la Casa Irla la seva darrera novel\u00b7la &#8220;El carrer de l&#8217;embut&#8221;. <!--more-->Un homenatge als ideals de la Rep\u00fablica i als mestres que en van ser l&#8217;estendard. Ambientada a Cadaqu\u00e9s i Cuba durant els anys 20 i 30, Rahola recrea des dels anys de la dictadura de Primo de Rivera i el pistolerisme pels carrers de Barcelona, fins a la proclamaci\u00f3 de l&#8217;Estat Catal\u00e0 per Llu\u00eds Companys a la pla\u00e7a de Sant Jaume, de la bomba del liceu a l&#8217;esclat de la Guerra Civil i els Fets de maig del 1937.<\/p>\n<p>Jordi Vil\u00e0, regidor d&#8217;Esquerra Republicana de Catalunya, que va fer la presentaci\u00f3 de l&#8217;acte va definir la Pilar Rahola com una dona d&#8217;acci\u00f3 i d&#8217;idees clares i contundents, amb gran capacitat per defensar arreu aquestes idees.<\/p>\n<p>Per Rahola la independ\u00e8ncia de Catalunya \u00e9s imparable i el proc\u00e9s de construcci\u00f3 nacional sortir\u00e0 b\u00e9. Va afirmar: &#8220;\u00e9s un miracle que despr\u00e9s de 300 anys de genocidi contra el poble catal\u00e0, la seva llengua i la seva cultura, encara existeixi un poble amb un esperit col\u00b7lectiu tan gran i amb tanta for\u00e7a.<\/p>\n<p><img loading=\"lazy\" decoding=\"async\" class=\"aligncenter size-full wp-image-132\" src=\"http:\/\/www.irla.cat\/casairla\/wp-content\/uploads\/2017\/03\/Casa-Irla-plena-Pilar-Rahola.jpg\" alt=\"\" width=\"533\" height=\"400\" srcset=\"https:\/\/irla.cat\/casairla\/wp-content\/uploads\/2017\/03\/Casa-Irla-plena-Pilar-Rahola.jpg 533w, https:\/\/irla.cat\/casairla\/wp-content\/uploads\/2017\/03\/Casa-Irla-plena-Pilar-Rahola-300x225.jpg 300w\" sizes=\"auto, (max-width: 533px) 100vw, 533px\" \/><\/p>\n<p><span lang=\"CA\">El mateix \u00a0dissabte, al vespre vam poder gaudir d\u2019un espectacle d\u2019havaneres i can\u00e7\u00f3 cubana de la m\u00e0 de la Neus Mar.<\/span><\/p>\n<p><span lang=\"CA\">Ja coneguda a la Casa Irla perqu\u00e8 ja ha passat per aquest escenari en diverses ocasions i sempre amb un gran \u00e8xit.<\/span><\/p>\n<p>Us deixem un tastet de les peces que va interpretar.<br \/>\n<iframe loading=\"lazy\" src=\"https:\/\/www.youtube.com\/embed\/uM5zuh3rxQI\" width=\"560\" height=\"315\" frameborder=\"0\" allowfullscreen=\"allowfullscreen\"><\/iframe><\/p>\n<p>&nbsp;<\/p>\n","protected":false},"excerpt":{"rendered":"<p>Pilar Rahola va presentar dissabte passat a la Casa Irla la seva darrera novel\u00b7la &#8220;El carrer de l&#8217;embut&#8221;.<\/p>\n","protected":false},"author":1,"featured_media":193,"comment_status":"open","ping_status":"open","sticky":false,"template":"template-centered.php","format":"standard","meta":{"footnotes":""},"categories":[1],"tags":[],"class_list":["post-130","post","type-post","status-publish","format-standard","has-post-thumbnail","hentry","category-general"],"_links":{"self":[{"href":"https:\/\/irla.cat\/casairla\/wp-json\/wp\/v2\/posts\/130","targetHints":{"allow":["GET"]}}],"collection":[{"href":"https:\/\/irla.cat\/casairla\/wp-json\/wp\/v2\/posts"}],"about":[{"href":"https:\/\/irla.cat\/casairla\/wp-json\/wp\/v2\/types\/post"}],"author":[{"embeddable":true,"href":"https:\/\/irla.cat\/casairla\/wp-json\/wp\/v2\/users\/1"}],"replies":[{"embeddable":true,"href":"https:\/\/irla.cat\/casairla\/wp-json\/wp\/v2\/comments?post=130"}],"version-history":[{"count":1,"href":"https:\/\/irla.cat\/casairla\/wp-json\/wp\/v2\/posts\/130\/revisions"}],"predecessor-version":[{"id":134,"href":"https:\/\/irla.cat\/casairla\/wp-json\/wp\/v2\/posts\/130\/revisions\/134"}],"wp:featuredmedia":[{"embeddable":true,"href":"https:\/\/irla.cat\/casairla\/wp-json\/wp\/v2\/media\/193"}],"wp:attachment":[{"href":"https:\/\/irla.cat\/casairla\/wp-json\/wp\/v2\/media?parent=130"}],"wp:term":[{"taxonomy":"category","embeddable":true,"href":"https:\/\/irla.cat\/casairla\/wp-json\/wp\/v2\/categories?post=130"},{"taxonomy":"post_tag","embeddable":true,"href":"https:\/\/irla.cat\/casairla\/wp-json\/wp\/v2\/tags?post=130"}],"curies":[{"name":"wp","href":"https:\/\/api.w.org\/{rel}","templated":true}]}}