{"id":1294,"date":"2020-10-03T15:57:08","date_gmt":"2020-10-03T13:57:08","guid":{"rendered":"https:\/\/irla.cat\/casairla\/?p=1294"},"modified":"2020-10-03T16:00:53","modified_gmt":"2020-10-03T14:00:53","slug":"jordi-molto-presentara-el-sey-llibre-lale-de-la-tenebra-de-jordi-molto","status":"publish","type":"post","link":"https:\/\/irla.cat\/casairla\/2020\/10\/03\/jordi-molto-presentara-el-sey-llibre-lale-de-la-tenebra-de-jordi-molto\/","title":{"rendered":"Jordi Molt\u00f3 presentar\u00e0 el seu llibre &#8220;L&#8217;al\u00e8 de la tenebra&#8221;"},"content":{"rendered":"\n<div>Dissabte dia 3 d&#8217;octubre a les 19 h presentem a la Casa Irla el llibre &#8220;L&#8217;al\u00e8 de la tenebra&#8221; de Jordi Molt\u00f3.<\/div>\n<div>\u00a0<\/div>\n<div>&#8220;L\u2019al\u00e8 de la tenebra&#8221; presenta, com a personatge principal, en Sebasti\u00e0 Ermengol, un advocat acabat de llicenciar-se, que, a la seva ciutat, Barcelona.<\/div>\n<div>\u00a0<\/div>\n<div>Aquest coneixer\u00e0 fuga\u00e7ment n\u2019Elisabet Ventura, germana petita d\u2019un amic seu, en Robert, a una festa a casa de la fam\u00edlia Ventura el novembre del 1974. Comen\u00e7ar\u00e0 un llarg per\u00edode de vint-i-cinc anys en qu\u00e8 en Sebasti\u00e0 viur\u00e0 obsedit per la noia, la qual, tot i que no es veuen, li fa arribar enigmes i misteris.<\/div>\n<div>\u00a0<\/div>\n<div>L\u2019atzar dur\u00e0 en Sebasti\u00e0 a con\u00e8ixer el poble de Sant Marcel del Puig i els tenebrosos designis lligats a dues antigues mansions i les terribles morts succe\u00efdes el 1972 que acabar\u00e0 atribuint a un vampir h\u00edbrid, gens convencional, que sembla esperar n\u2019Elisabet perqu\u00e8 el reencarni a trav\u00e9s de m\u00e0gia negra.<\/div>\n<div>\u00a0<\/div>\n<div>La hist\u00f2ria segueix entre perip\u00e8cies i terror, amb en Sebasti\u00e0 lluitant contra la seva pr\u00f2pia obsessi\u00f3 envers la noia i determinat a posar fi a l\u2019horror i occir el monstre.<\/div>\n","protected":false},"excerpt":{"rendered":"<p>Dissabte dia 3 d&#8217;octubre a les 19 h presentem a la Casa Irla el llibre &#8220;L&#8217;al\u00e8 de la tenebra&#8221; de Jordi Molt\u00f3.<\/p>\n","protected":false},"author":1,"featured_media":1295,"comment_status":"closed","ping_status":"closed","sticky":false,"template":"","format":"standard","meta":{"footnotes":""},"categories":[1],"tags":[],"class_list":["post-1294","post","type-post","status-publish","format-standard","has-post-thumbnail","hentry","category-general"],"_links":{"self":[{"href":"https:\/\/irla.cat\/casairla\/wp-json\/wp\/v2\/posts\/1294","targetHints":{"allow":["GET"]}}],"collection":[{"href":"https:\/\/irla.cat\/casairla\/wp-json\/wp\/v2\/posts"}],"about":[{"href":"https:\/\/irla.cat\/casairla\/wp-json\/wp\/v2\/types\/post"}],"author":[{"embeddable":true,"href":"https:\/\/irla.cat\/casairla\/wp-json\/wp\/v2\/users\/1"}],"replies":[{"embeddable":true,"href":"https:\/\/irla.cat\/casairla\/wp-json\/wp\/v2\/comments?post=1294"}],"version-history":[{"count":5,"href":"https:\/\/irla.cat\/casairla\/wp-json\/wp\/v2\/posts\/1294\/revisions"}],"predecessor-version":[{"id":1300,"href":"https:\/\/irla.cat\/casairla\/wp-json\/wp\/v2\/posts\/1294\/revisions\/1300"}],"wp:featuredmedia":[{"embeddable":true,"href":"https:\/\/irla.cat\/casairla\/wp-json\/wp\/v2\/media\/1295"}],"wp:attachment":[{"href":"https:\/\/irla.cat\/casairla\/wp-json\/wp\/v2\/media?parent=1294"}],"wp:term":[{"taxonomy":"category","embeddable":true,"href":"https:\/\/irla.cat\/casairla\/wp-json\/wp\/v2\/categories?post=1294"},{"taxonomy":"post_tag","embeddable":true,"href":"https:\/\/irla.cat\/casairla\/wp-json\/wp\/v2\/tags?post=1294"}],"curies":[{"name":"wp","href":"https:\/\/api.w.org\/{rel}","templated":true}]}}