{"id":1289,"date":"2020-09-21T17:17:51","date_gmt":"2020-09-21T15:17:51","guid":{"rendered":"https:\/\/irla.cat\/casairla\/?p=1289"},"modified":"2020-09-21T17:18:14","modified_gmt":"2020-09-21T15:18:14","slug":"dissabte-26-de-setembre-presentacio-del-llibre-assaig-general-duna-revolta-de-francesc-marc-alvaro","status":"publish","type":"post","link":"https:\/\/irla.cat\/casairla\/2020\/09\/21\/dissabte-26-de-setembre-presentacio-del-llibre-assaig-general-duna-revolta-de-francesc-marc-alvaro\/","title":{"rendered":"Presentaci\u00f3 del llibre &#8220;Assaig general d&#8217;una revolta&#8221; de Francesc-Marc \u00c1lvaro"},"content":{"rendered":"\n<p>El proper dissabte dia 26 de setembre a les 19 h presentem a la Casa Irla el llibre &#8220;Assaig d&#8217;una revolta&#8221; de Francesc-Marc \u00c1lvaro.<\/p>\n<p>El proc\u00e9s independentista catal\u00e0 ha esdevingut la crisi m\u00e9s important d\u2019Espanya des de la instauraci\u00f3 de la democr\u00e0cia. El que durant d\u00e8cades va ser \u201cel problema catal\u00e1n\u201d ha canviat de dimensi\u00f3 i s\u2019ha convertit en un fenomen nou, estretament vinculat a les disfuncions de la democr\u00e0cia espanyola i a les tensions de l\u2019Europa<br \/>dels nostres dies.<\/p>\n<p>Dos milions de ciutadans han abra\u00e7at el projecte d\u2019una Catalunya independent, en un canvi de mentalitat col\u00b7lectiva vertigin\u00f3s des de l\u2019any 2010.<\/p>\n<p>Quines s\u00f3n les claus per comprendre el que hi ha darrere del refer\u00e8ndum de l\u20191 d\u2019octubre, la posterior declaraci\u00f3 d\u2019independ\u00e8ncia, la intervenci\u00f3 de l\u2019autonomia, els comicis al Parlament que van guanyar les forces independentistes i el paper dels dirigents pol\u00edtics a la pres\u00f3 i a l\u2019estranger?<\/p>\n<p>Francesc-Marc \u00c1lvaro analitza a fons l\u2019origen hist\u00f2ric, les causes, les circumst\u00e0ncies especials i els protagonistes d\u2019un esdeveniment de transcend\u00e8ncia indubtable. M\u00e9s enll\u00e0 dels t\u00f2pics, les simplificacions i els titulars ef\u00edmers, aquest assaig es dirigeix a lectors de tota ideologia i sensibilitat per subratllar la complexitat i els matisos d\u2019un proc\u00e9s que continua obert i exigeix di\u00e0leg i imaginaci\u00f3 pol\u00edtica.<\/p>\n<p>\u00a0<\/p>\n","protected":false},"excerpt":{"rendered":"<p>El proper dissabte dia 26 de setembre a les 19 h presentem a la Casa Irla el llibre &#8220;Assaig d&#8217;una revolta&#8221; de Francesc-Marc \u00c1lvaro.<\/p>\n","protected":false},"author":1,"featured_media":1290,"comment_status":"closed","ping_status":"closed","sticky":false,"template":"","format":"standard","meta":{"footnotes":""},"categories":[1],"tags":[],"class_list":["post-1289","post","type-post","status-publish","format-standard","has-post-thumbnail","hentry","category-general"],"_links":{"self":[{"href":"https:\/\/irla.cat\/casairla\/wp-json\/wp\/v2\/posts\/1289","targetHints":{"allow":["GET"]}}],"collection":[{"href":"https:\/\/irla.cat\/casairla\/wp-json\/wp\/v2\/posts"}],"about":[{"href":"https:\/\/irla.cat\/casairla\/wp-json\/wp\/v2\/types\/post"}],"author":[{"embeddable":true,"href":"https:\/\/irla.cat\/casairla\/wp-json\/wp\/v2\/users\/1"}],"replies":[{"embeddable":true,"href":"https:\/\/irla.cat\/casairla\/wp-json\/wp\/v2\/comments?post=1289"}],"version-history":[{"count":2,"href":"https:\/\/irla.cat\/casairla\/wp-json\/wp\/v2\/posts\/1289\/revisions"}],"predecessor-version":[{"id":1292,"href":"https:\/\/irla.cat\/casairla\/wp-json\/wp\/v2\/posts\/1289\/revisions\/1292"}],"wp:featuredmedia":[{"embeddable":true,"href":"https:\/\/irla.cat\/casairla\/wp-json\/wp\/v2\/media\/1290"}],"wp:attachment":[{"href":"https:\/\/irla.cat\/casairla\/wp-json\/wp\/v2\/media?parent=1289"}],"wp:term":[{"taxonomy":"category","embeddable":true,"href":"https:\/\/irla.cat\/casairla\/wp-json\/wp\/v2\/categories?post=1289"},{"taxonomy":"post_tag","embeddable":true,"href":"https:\/\/irla.cat\/casairla\/wp-json\/wp\/v2\/tags?post=1289"}],"curies":[{"name":"wp","href":"https:\/\/api.w.org\/{rel}","templated":true}]}}