{"id":1284,"date":"2020-09-16T08:54:52","date_gmt":"2020-09-16T06:54:52","guid":{"rendered":"https:\/\/irla.cat\/casairla\/?p=1284"},"modified":"2020-09-16T08:54:58","modified_gmt":"2020-09-16T06:54:58","slug":"dissabte-19-de-setembre-a-les-19-h-inaugurem-lexposicio-paisatges-i-coses-de-la-suellen","status":"publish","type":"post","link":"https:\/\/irla.cat\/casairla\/2020\/09\/16\/dissabte-19-de-setembre-a-les-19-h-inaugurem-lexposicio-paisatges-i-coses-de-la-suellen\/","title":{"rendered":"Dissabte 19 de setembre a les 19 h inaugurem l&#8217;exposici\u00f3 &#8220;Paisatges i coses&#8221; de la Suellen"},"content":{"rendered":"\n<div>El Vernissatge de l&#8217;exposici\u00f3 titulada &#8220;Paisatges i coses&#8221; de la Suellen ser\u00e0 el dissabte 19 de setembre a les 19 h a la Casa Irla.<\/div>\n<div>\u00a0<\/div>\n<div>Pintar es un proc\u00e9s d\u2019an\u00e0lisi i avaluaci\u00f3 continu i que demana un alt grau de concentraci\u00f3.<\/div>\n<div>\u00a0<\/div>\n<div>Si sento que, a grans trets, he aconseguit l\u2019efecte que buscava, per\u00f2 no estic del tot segura, no caic en la temptaci\u00f3 de insistir, deixo la feina fins l\u2019endem\u00e0 i quan m\u2019hi torno a posar, espero veure-ho amb els ulls frescos.<\/div>\n<div>\u00a0<\/div>\n<div>L\u2019energia haur\u00e0 tornat i amb ella la capacitat de resoldre qualsevol problema.<\/div>\n<div>\u00a0<\/div>\n<div>Un dels majors reptes del paisatge, es ser capa\u00e7 de crear espai i profunditat, potser<\/div>\n<div>aquestes pintures demostraran el que vull dir. Crec que amb el pas dels anys he creat<\/div>\n<div>el meu paisatge propi, lac\u00f2nic i simple. La llum, l\u2019espai i l\u2019aire s\u00f3n els components del<\/div>\n<div>meu treball, que desitjo, sempre sigui reconeixible.<\/div>\n","protected":false},"excerpt":{"rendered":"<p>El Vernissatge de l&#8217;exposici\u00f3 titulada &#8220;Paisatges i coses&#8221; de la Suellen ser\u00e0 el dissabte 19 de setembre a les 19 h a la Casa Irla.<\/p>\n","protected":false},"author":1,"featured_media":1285,"comment_status":"closed","ping_status":"closed","sticky":false,"template":"","format":"standard","meta":{"footnotes":""},"categories":[1],"tags":[],"class_list":["post-1284","post","type-post","status-publish","format-standard","has-post-thumbnail","hentry","category-general"],"_links":{"self":[{"href":"https:\/\/irla.cat\/casairla\/wp-json\/wp\/v2\/posts\/1284","targetHints":{"allow":["GET"]}}],"collection":[{"href":"https:\/\/irla.cat\/casairla\/wp-json\/wp\/v2\/posts"}],"about":[{"href":"https:\/\/irla.cat\/casairla\/wp-json\/wp\/v2\/types\/post"}],"author":[{"embeddable":true,"href":"https:\/\/irla.cat\/casairla\/wp-json\/wp\/v2\/users\/1"}],"replies":[{"embeddable":true,"href":"https:\/\/irla.cat\/casairla\/wp-json\/wp\/v2\/comments?post=1284"}],"version-history":[{"count":1,"href":"https:\/\/irla.cat\/casairla\/wp-json\/wp\/v2\/posts\/1284\/revisions"}],"predecessor-version":[{"id":1286,"href":"https:\/\/irla.cat\/casairla\/wp-json\/wp\/v2\/posts\/1284\/revisions\/1286"}],"wp:featuredmedia":[{"embeddable":true,"href":"https:\/\/irla.cat\/casairla\/wp-json\/wp\/v2\/media\/1285"}],"wp:attachment":[{"href":"https:\/\/irla.cat\/casairla\/wp-json\/wp\/v2\/media?parent=1284"}],"wp:term":[{"taxonomy":"category","embeddable":true,"href":"https:\/\/irla.cat\/casairla\/wp-json\/wp\/v2\/categories?post=1284"},{"taxonomy":"post_tag","embeddable":true,"href":"https:\/\/irla.cat\/casairla\/wp-json\/wp\/v2\/tags?post=1284"}],"curies":[{"name":"wp","href":"https:\/\/api.w.org\/{rel}","templated":true}]}}