{"id":1274,"date":"2020-09-10T09:12:29","date_gmt":"2020-09-10T07:12:29","guid":{"rendered":"https:\/\/irla.cat\/casairla\/?p=1274"},"modified":"2020-09-16T08:56:10","modified_gmt":"2020-09-16T06:56:10","slug":"el-periodista-toni-cruanyes-presenta-el-seu-nou-llibre","status":"publish","type":"post","link":"https:\/\/irla.cat\/casairla\/2020\/09\/10\/el-periodista-toni-cruanyes-presenta-el-seu-nou-llibre\/","title":{"rendered":"El periodista Toni Cruanyes presenta el seu nou llibre"},"content":{"rendered":"\n<p>La Casa Irla de Sant Feliu de Gu\u00edxols ha acollit la presentaci\u00f3 del nou llibre\u00a0del\u00a0periodista de TV3,\u00a0Toni Cruanyes. Una publicaci\u00f3\u00a0 que pret\u00e9n ser un\u00a0 assaig hist\u00f2ric que reflexiona sobre les\u00a0identitats de Catalunya, per\u00f2\u00a0 tamb\u00e9 combina part de les mem\u00f2ries del mateix autor.<br \/><br \/>A pocs minuts de comen\u00e7ar l\u2019acte, ja no quedaven llocs per escoltar al periodista de TV3, Toni Cruanyes, que aquest cap de setmana presentava el seu nou llibre a la Casa Irla de\u00a0 Sant Feliu de Gu\u00edxols. La publicaci\u00f3 porta per nom\u00a0\u201cUn dels nostres\u201d i es troba a mig cam\u00ed entre un relat explicatiu, combinat amb una part m\u00e9s reflexiva sobre el paper de les identitats personals dels catalans i les catalanes.<br \/><br \/>I \u00e9s que durant els darrers anys, el popular presentador del telenot\u00edcies \u00a0ha explicat fets tan importants com el cas Pujol, l\u20191 d\u2019octubre, la declaraci\u00f3 d\u2019independ\u00e8ncia o el judici contra el proc\u00e9s. Tot plegat amb un rerefons de pressi\u00f3 constant a la televisi\u00f3 p\u00fablica de Catalunya.<br \/><br \/>L\u2019acte\u00a0 de\u00a0 presentaci\u00f3 \u00a0va anar a c\u00e0rrec de la periodista\u00a0N\u00faria Cucharero, que el va conduir amb frescor i molta proximitat. Els dos ponents tamb\u00e9 van trobar moments per explicar viv\u00e8ncies personal i van reflexionar sobre el paper dels periodistes, el qual creuen que \u00e9s complicat, per\u00f2 m\u00e9s necessari que mai.<\/p>\n<p><img loading=\"lazy\" decoding=\"async\" class=\"size-full wp-image-1276 alignnone\" src=\"https:\/\/irla.cat\/casairla\/wp-content\/uploads\/2020\/09\/Toni-Cruanyes-01.jpeg\" alt=\"\" width=\"2016\" height=\"954\" srcset=\"https:\/\/irla.cat\/casairla\/wp-content\/uploads\/2020\/09\/Toni-Cruanyes-01.jpeg 2016w, https:\/\/irla.cat\/casairla\/wp-content\/uploads\/2020\/09\/Toni-Cruanyes-01-300x142.jpeg 300w, https:\/\/irla.cat\/casairla\/wp-content\/uploads\/2020\/09\/Toni-Cruanyes-01-1024x485.jpeg 1024w, https:\/\/irla.cat\/casairla\/wp-content\/uploads\/2020\/09\/Toni-Cruanyes-01-768x363.jpeg 768w, https:\/\/irla.cat\/casairla\/wp-content\/uploads\/2020\/09\/Toni-Cruanyes-01-1536x727.jpeg 1536w\" sizes=\"auto, (max-width: 2016px) 100vw, 2016px\" \/><\/p>\n<p><img loading=\"lazy\" decoding=\"async\" class=\"size-full wp-image-1277 alignnone\" src=\"https:\/\/irla.cat\/casairla\/wp-content\/uploads\/2020\/09\/Toni-Cruanyes-02.jpeg\" alt=\"\" width=\"1824\" height=\"1368\" srcset=\"https:\/\/irla.cat\/casairla\/wp-content\/uploads\/2020\/09\/Toni-Cruanyes-02.jpeg 1824w, https:\/\/irla.cat\/casairla\/wp-content\/uploads\/2020\/09\/Toni-Cruanyes-02-300x225.jpeg 300w, https:\/\/irla.cat\/casairla\/wp-content\/uploads\/2020\/09\/Toni-Cruanyes-02-1024x768.jpeg 1024w, https:\/\/irla.cat\/casairla\/wp-content\/uploads\/2020\/09\/Toni-Cruanyes-02-768x576.jpeg 768w, https:\/\/irla.cat\/casairla\/wp-content\/uploads\/2020\/09\/Toni-Cruanyes-02-1536x1152.jpeg 1536w\" sizes=\"auto, (max-width: 1824px) 100vw, 1824px\" \/><\/p>\n<p><img loading=\"lazy\" decoding=\"async\" class=\"alignleft size-full wp-image-1278\" src=\"https:\/\/irla.cat\/casairla\/wp-content\/uploads\/2020\/09\/Toni-Cruanyes-03.jpeg\" alt=\"\" width=\"2016\" height=\"954\" srcset=\"https:\/\/irla.cat\/casairla\/wp-content\/uploads\/2020\/09\/Toni-Cruanyes-03.jpeg 2016w, https:\/\/irla.cat\/casairla\/wp-content\/uploads\/2020\/09\/Toni-Cruanyes-03-300x142.jpeg 300w, https:\/\/irla.cat\/casairla\/wp-content\/uploads\/2020\/09\/Toni-Cruanyes-03-1024x485.jpeg 1024w, https:\/\/irla.cat\/casairla\/wp-content\/uploads\/2020\/09\/Toni-Cruanyes-03-768x363.jpeg 768w, https:\/\/irla.cat\/casairla\/wp-content\/uploads\/2020\/09\/Toni-Cruanyes-03-1536x727.jpeg 1536w\" sizes=\"auto, (max-width: 2016px) 100vw, 2016px\" \/><\/p>\n<p>\u00a0<\/p>\n<p>\u00a0<\/p>\n<p>\u00a0<\/p>\n<p>\u00a0<\/p>\n<p>\u00a0<\/p>\n","protected":false},"excerpt":{"rendered":"<p>La Casa Irla de Sant Feliu de Gu\u00edxols ha acollit la presentaci\u00f3 del nou llibre\u00a0del\u00a0periodista de TV3,\u00a0Toni Cruanyes.<\/p>\n","protected":false},"author":1,"featured_media":1275,"comment_status":"closed","ping_status":"closed","sticky":false,"template":"","format":"standard","meta":{"footnotes":""},"categories":[1],"tags":[],"class_list":["post-1274","post","type-post","status-publish","format-standard","has-post-thumbnail","hentry","category-general"],"_links":{"self":[{"href":"https:\/\/irla.cat\/casairla\/wp-json\/wp\/v2\/posts\/1274","targetHints":{"allow":["GET"]}}],"collection":[{"href":"https:\/\/irla.cat\/casairla\/wp-json\/wp\/v2\/posts"}],"about":[{"href":"https:\/\/irla.cat\/casairla\/wp-json\/wp\/v2\/types\/post"}],"author":[{"embeddable":true,"href":"https:\/\/irla.cat\/casairla\/wp-json\/wp\/v2\/users\/1"}],"replies":[{"embeddable":true,"href":"https:\/\/irla.cat\/casairla\/wp-json\/wp\/v2\/comments?post=1274"}],"version-history":[{"count":5,"href":"https:\/\/irla.cat\/casairla\/wp-json\/wp\/v2\/posts\/1274\/revisions"}],"predecessor-version":[{"id":1287,"href":"https:\/\/irla.cat\/casairla\/wp-json\/wp\/v2\/posts\/1274\/revisions\/1287"}],"wp:featuredmedia":[{"embeddable":true,"href":"https:\/\/irla.cat\/casairla\/wp-json\/wp\/v2\/media\/1275"}],"wp:attachment":[{"href":"https:\/\/irla.cat\/casairla\/wp-json\/wp\/v2\/media?parent=1274"}],"wp:term":[{"taxonomy":"category","embeddable":true,"href":"https:\/\/irla.cat\/casairla\/wp-json\/wp\/v2\/categories?post=1274"},{"taxonomy":"post_tag","embeddable":true,"href":"https:\/\/irla.cat\/casairla\/wp-json\/wp\/v2\/tags?post=1274"}],"curies":[{"name":"wp","href":"https:\/\/api.w.org\/{rel}","templated":true}]}}