{"id":1270,"date":"2020-09-02T09:32:20","date_gmt":"2020-09-02T07:32:20","guid":{"rendered":"https:\/\/irla.cat\/casairla\/?p=1270"},"modified":"2020-09-02T09:32:22","modified_gmt":"2020-09-02T07:32:22","slug":"presentacio-del-llibre-un-del-nostres-de-toni-cruanyes","status":"publish","type":"post","link":"https:\/\/irla.cat\/casairla\/2020\/09\/02\/presentacio-del-llibre-un-del-nostres-de-toni-cruanyes\/","title":{"rendered":"Presentaci\u00f3 del llibre &#8220;Un del nostres&#8221; de Toni Cruanyes"},"content":{"rendered":"\n<p>El proper dissabte dia 5 de setembre a les 19 h a la Casa Irla presentem el llibre &#8220;Un dels nostres&#8221; del periodista de TV3 Toni Cruanyes.<\/p>\n<p>Toni Cruanyes explica els secrets de darrere del TeleNot\u00edcies durant el conflicte pol\u00edtic<\/p>\n<div>dels \u00faltims anys: des del refer\u00e8ndum de l\u20191 d\u2019Octubre fins al judici al Tribunal Suprem i la tensi\u00f3 viscuda per les amenaces continuades contra TV3.<\/div>\n<div>\u00a0<\/div>\n<div>Retransmetre dia rere dia les vicissituds del proc\u00e9s de Catalunya, i fer-ho sota els atacs constants de la repressi\u00f3, esdev\u00e9 a parer seu l\u2019examen definitiu de la seva carrera professional.<\/div>\n<div>\u00a0<\/div>\n<div>&#8220;El paisatge despr\u00e9s de la batalla, la nit del 27 d\u2019octubre de 2017. En acabat de viure i d\u2019haver retransm\u00e8s en directe la votaci\u00f3 al Parlament i el moment solemne de la declaraci\u00f3 d\u2019independ\u00e8ncia, torno a la redacci\u00f3 per trobar-me un escenari buit i trist.<\/div>\n<div>\u00a0<\/div>\n<div>Ordinadors en negre, paperassa a terra, una taula amb restes d\u2019entrepans, pantalles de televisi\u00f3 engegades i la foscor de la nit colant-se pels finestrals&#8221;.<\/div>\n","protected":false},"excerpt":{"rendered":"<p>El proper dissabte dia 5 de setembre a les 19 h a la Casa Irla presentem el llibre &#8220;Un dels nostres&#8221; del periodista de TV3 Toni Cruanyes.<\/p>\n","protected":false},"author":1,"featured_media":1271,"comment_status":"closed","ping_status":"closed","sticky":false,"template":"","format":"standard","meta":{"footnotes":""},"categories":[1],"tags":[],"class_list":["post-1270","post","type-post","status-publish","format-standard","has-post-thumbnail","hentry","category-general"],"_links":{"self":[{"href":"https:\/\/irla.cat\/casairla\/wp-json\/wp\/v2\/posts\/1270","targetHints":{"allow":["GET"]}}],"collection":[{"href":"https:\/\/irla.cat\/casairla\/wp-json\/wp\/v2\/posts"}],"about":[{"href":"https:\/\/irla.cat\/casairla\/wp-json\/wp\/v2\/types\/post"}],"author":[{"embeddable":true,"href":"https:\/\/irla.cat\/casairla\/wp-json\/wp\/v2\/users\/1"}],"replies":[{"embeddable":true,"href":"https:\/\/irla.cat\/casairla\/wp-json\/wp\/v2\/comments?post=1270"}],"version-history":[{"count":1,"href":"https:\/\/irla.cat\/casairla\/wp-json\/wp\/v2\/posts\/1270\/revisions"}],"predecessor-version":[{"id":1272,"href":"https:\/\/irla.cat\/casairla\/wp-json\/wp\/v2\/posts\/1270\/revisions\/1272"}],"wp:featuredmedia":[{"embeddable":true,"href":"https:\/\/irla.cat\/casairla\/wp-json\/wp\/v2\/media\/1271"}],"wp:attachment":[{"href":"https:\/\/irla.cat\/casairla\/wp-json\/wp\/v2\/media?parent=1270"}],"wp:term":[{"taxonomy":"category","embeddable":true,"href":"https:\/\/irla.cat\/casairla\/wp-json\/wp\/v2\/categories?post=1270"},{"taxonomy":"post_tag","embeddable":true,"href":"https:\/\/irla.cat\/casairla\/wp-json\/wp\/v2\/tags?post=1270"}],"curies":[{"name":"wp","href":"https:\/\/api.w.org\/{rel}","templated":true}]}}