{"id":1253,"date":"2020-08-20T10:35:13","date_gmt":"2020-08-20T08:35:13","guid":{"rendered":"https:\/\/irla.cat\/casairla\/?p=1253"},"modified":"2020-08-20T10:35:15","modified_gmt":"2020-08-20T08:35:15","slug":"carles-bertran-i-bel-gesti-van-actuar-diumenge-a-la-casa-irla","status":"publish","type":"post","link":"https:\/\/irla.cat\/casairla\/2020\/08\/20\/carles-bertran-i-bel-gesti-van-actuar-diumenge-a-la-casa-irla\/","title":{"rendered":"Carles Bertran i Bel Gest\u00ed van actuar diumenge a la Casa Irla"},"content":{"rendered":"\n<p>El compositor i lletrista Carles Bertran acompanyat per la veu de Bel Gest\u00ed van actuar el passat diumenge al vespre a la Casa Irla.<\/p>\n<p>Amb can\u00e7ons que neixen del joc, la imaginaci\u00f3, la poesia i l&#8217;amor per la m\u00fasica. El duo va interpretar, un seguit de temes tendres, naturals i flueixen de la mateixa manera que ho fa un riu, que no sap cap a on va per\u00f2 gaudeix del recorregut.<\/p>\n<p>De Sabadell i Matadepera interpreten les seves pr\u00f2pies can\u00e7ons seguint la tradici\u00f3 de la can\u00e7\u00f3 de taverna.<\/p>\n<p>\u00a0<\/p>\n","protected":false},"excerpt":{"rendered":"<p>El compositor i lletrista Carles Bertran acompanyat per la veu de Bel Gest\u00ed van actuar el passat diumenge al vespre a la Casa Irla.<\/p>\n","protected":false},"author":1,"featured_media":1254,"comment_status":"closed","ping_status":"closed","sticky":false,"template":"","format":"standard","meta":{"footnotes":""},"categories":[1],"tags":[],"class_list":["post-1253","post","type-post","status-publish","format-standard","has-post-thumbnail","hentry","category-general"],"_links":{"self":[{"href":"https:\/\/irla.cat\/casairla\/wp-json\/wp\/v2\/posts\/1253","targetHints":{"allow":["GET"]}}],"collection":[{"href":"https:\/\/irla.cat\/casairla\/wp-json\/wp\/v2\/posts"}],"about":[{"href":"https:\/\/irla.cat\/casairla\/wp-json\/wp\/v2\/types\/post"}],"author":[{"embeddable":true,"href":"https:\/\/irla.cat\/casairla\/wp-json\/wp\/v2\/users\/1"}],"replies":[{"embeddable":true,"href":"https:\/\/irla.cat\/casairla\/wp-json\/wp\/v2\/comments?post=1253"}],"version-history":[{"count":1,"href":"https:\/\/irla.cat\/casairla\/wp-json\/wp\/v2\/posts\/1253\/revisions"}],"predecessor-version":[{"id":1255,"href":"https:\/\/irla.cat\/casairla\/wp-json\/wp\/v2\/posts\/1253\/revisions\/1255"}],"wp:featuredmedia":[{"embeddable":true,"href":"https:\/\/irla.cat\/casairla\/wp-json\/wp\/v2\/media\/1254"}],"wp:attachment":[{"href":"https:\/\/irla.cat\/casairla\/wp-json\/wp\/v2\/media?parent=1253"}],"wp:term":[{"taxonomy":"category","embeddable":true,"href":"https:\/\/irla.cat\/casairla\/wp-json\/wp\/v2\/categories?post=1253"},{"taxonomy":"post_tag","embeddable":true,"href":"https:\/\/irla.cat\/casairla\/wp-json\/wp\/v2\/tags?post=1253"}],"curies":[{"name":"wp","href":"https:\/\/api.w.org\/{rel}","templated":true}]}}