{"id":1248,"date":"2020-08-04T10:17:29","date_gmt":"2020-08-04T08:17:29","guid":{"rendered":"https:\/\/irla.cat\/casairla\/?p=1248"},"modified":"2020-08-04T10:17:31","modified_gmt":"2020-08-04T08:17:31","slug":"un-treball-sobre-josep-irla-premi-de-recerca-pels-alumnes-de-batxillera","status":"publish","type":"post","link":"https:\/\/irla.cat\/casairla\/2020\/08\/04\/un-treball-sobre-josep-irla-premi-de-recerca-pels-alumnes-de-batxillera\/","title":{"rendered":"Un treball sobre Josep Irla, premi de recerca pels alumnes de Batxillera"},"content":{"rendered":"\n<p>Laia Quintana\u00a0<span class=\"hiddenSpellError\">Mart\u00edn<\/span> va rebre el premi pel seu treballar d&#8217;investigaci\u00f3 sobre el president Irla &#8220;Josep Irla. El tarann\u00e0 federalista&#8221;.<\/p>\n<p>Aquest premi creat per l&#8217;Associaci\u00f3 Amics del Museu de Sant Feliu de Gu\u00edxols amb el suport de l&#8217;\u00c0rea de Cultura de l&#8217;Ajuntament de Sant Feliu de Gu\u00edxols t\u00e9 el prop\u00f2sit d&#8217;incentivar a les noves generacions a estudiar i investigar en la hist\u00f2ria local.<\/p>\n<p>L&#8217;altra obra presentada, sota el t\u00edtol &#8220;De la benefic\u00e8ncia a la inefici\u00e8ncia? Serveis socials p\u00fablics de Sant Feliu de Gu\u00edxols&#8221; de Bernat Vendrell tamb\u00e9 va rebre el mateix premi.<\/p>\n<p>El treball &#8220;Josep Irla. El tarann\u00e0 federalista&#8221; tracta la traject\u00f2ria d&#8217;en Josep Irla i Bosch en els diferents c\u00e0rrecs o moments hist\u00f2rics; tot combinant les fonts arxiv\u00edstiques locals amb la bibliografia.<\/p>\n<p>\u00a0<\/p>\n","protected":false},"excerpt":{"rendered":"<p>Laia Quintana\u00a0Mart\u00edn va rebre el premi pel seu treballar d&#8217;investigaci\u00f3 sobre el president Irla &#8220;Josep Irla. El tarann\u00e0 federalista&#8221;.<\/p>\n","protected":false},"author":1,"featured_media":1250,"comment_status":"closed","ping_status":"closed","sticky":false,"template":"","format":"standard","meta":{"footnotes":""},"categories":[1],"tags":[],"class_list":["post-1248","post","type-post","status-publish","format-standard","has-post-thumbnail","hentry","category-general"],"_links":{"self":[{"href":"https:\/\/irla.cat\/casairla\/wp-json\/wp\/v2\/posts\/1248","targetHints":{"allow":["GET"]}}],"collection":[{"href":"https:\/\/irla.cat\/casairla\/wp-json\/wp\/v2\/posts"}],"about":[{"href":"https:\/\/irla.cat\/casairla\/wp-json\/wp\/v2\/types\/post"}],"author":[{"embeddable":true,"href":"https:\/\/irla.cat\/casairla\/wp-json\/wp\/v2\/users\/1"}],"replies":[{"embeddable":true,"href":"https:\/\/irla.cat\/casairla\/wp-json\/wp\/v2\/comments?post=1248"}],"version-history":[{"count":2,"href":"https:\/\/irla.cat\/casairla\/wp-json\/wp\/v2\/posts\/1248\/revisions"}],"predecessor-version":[{"id":1251,"href":"https:\/\/irla.cat\/casairla\/wp-json\/wp\/v2\/posts\/1248\/revisions\/1251"}],"wp:featuredmedia":[{"embeddable":true,"href":"https:\/\/irla.cat\/casairla\/wp-json\/wp\/v2\/media\/1250"}],"wp:attachment":[{"href":"https:\/\/irla.cat\/casairla\/wp-json\/wp\/v2\/media?parent=1248"}],"wp:term":[{"taxonomy":"category","embeddable":true,"href":"https:\/\/irla.cat\/casairla\/wp-json\/wp\/v2\/categories?post=1248"},{"taxonomy":"post_tag","embeddable":true,"href":"https:\/\/irla.cat\/casairla\/wp-json\/wp\/v2\/tags?post=1248"}],"curies":[{"name":"wp","href":"https:\/\/api.w.org\/{rel}","templated":true}]}}