{"id":1242,"date":"2020-07-15T10:00:00","date_gmt":"2020-07-15T08:00:00","guid":{"rendered":"https:\/\/irla.cat\/casairla\/?p=1242"},"modified":"2020-07-14T18:12:58","modified_gmt":"2020-07-14T16:12:58","slug":"dissabte-dia-18-de-juliol-a-les-19-h-inaugurem-lexposicio-interior-de-lartista-keiko-ogawa","status":"publish","type":"post","link":"https:\/\/irla.cat\/casairla\/2020\/07\/15\/dissabte-dia-18-de-juliol-a-les-19-h-inaugurem-lexposicio-interior-de-lartista-keiko-ogawa\/","title":{"rendered":"Dissabte dia 18 de juliol a les 19 h inaugurem l&#8217;exposici\u00f3 &#8220;Interior&#8221; de l&#8217;artista Keiko Ogawa"},"content":{"rendered":"\n<div>Es diu que Mir\u00f3 buscava en l\u2019interior i es dedicava a la vida secreta de les coses. Aix\u00f2 \u00e9s el que vol captar i transmetre en la Keiko Ogawa amb la seva pintura.<\/div>\n<div>\u00a0<\/div>\n<div>Per\u00f2 per l&#8217;artista es tamb\u00e9 important l\u2019aparen\u00e7a exterior. La realitat t\u00e9 molts detalls, molta vida i val la pena gaudir-la.<\/div>\n<div>\u00a0<\/div>\n<div>Els seus inicis en la pintura foren en el taller del professor Suguita a T\u00f2quio cap a l\u2019any 1998, a cavall entre la figuraci\u00f3 i l\u2019abstracci\u00f3.Es va traslladar a Barcelona l\u2019any 2005, on, amb la influ\u00e8ncia d\u2019alguns pintors d\u2019aquesta ciutat, la seva pintura ha anat evolucionant cap a un realisme intimista. Actualment visc i treballo al barri de la Sagrada Fam\u00edlia de Barcelona.<\/div>\n<div>\u00a0<\/div>\n<div>Podeu trobar m\u00e9s obres a les galeries: Jordi Barnadas (Barcelona), El Claustre (Girona), Espai G d\u2019Art (Terrassa), l\u2019Ancien Courrier (Montpeller), Victor Armendariz (Chicago).<\/div>\n<div>\u00a0<\/div>\n<div>\n<div>El vernissatge ser\u00e0 el dissabte 18 de juliol a les 19 h, i l&#8217;exposici\u00f3 estar\u00e0 disponible del 18 de juliol al 13 de setembre.<\/div>\n<\/div>\n<div>\u00a0<\/div>\n<div><iframe loading=\"lazy\" src=\"https:\/\/player.vimeo.com\/video\/421953281\" width=\"640\" height=\"360\" frameborder=\"0\" allowfullscreen=\"allowfullscreen\"><\/iframe>\n<p><a href=\"https:\/\/vimeo.com\/421953281\">Detalls de la realitat. Keiko Ogawa<\/a> from <a href=\"https:\/\/vimeo.com\/user16763290\">Albert Vidal<\/a> on <a href=\"https:\/\/vimeo.com\">Vimeo<\/a>.<\/p>\n<p>\u00a0<\/p>\n<\/div>\n<div>\u00a0<\/div>\n<div>\u00a0<\/div>\n<div>\u00a0<\/div>\n<div>\u00a0<\/div>\n","protected":false},"excerpt":{"rendered":"<p>Dissabte dia 18 de juliol a les 19 h inaugurem l&#8217;exposici\u00f3 &#8220;Interior&#8221; de l&#8217;artista Keiko Ogawa.<\/p>\n","protected":false},"author":1,"featured_media":1244,"comment_status":"closed","ping_status":"closed","sticky":false,"template":"","format":"standard","meta":{"footnotes":""},"categories":[1],"tags":[],"class_list":["post-1242","post","type-post","status-publish","format-standard","has-post-thumbnail","hentry","category-general"],"_links":{"self":[{"href":"https:\/\/irla.cat\/casairla\/wp-json\/wp\/v2\/posts\/1242","targetHints":{"allow":["GET"]}}],"collection":[{"href":"https:\/\/irla.cat\/casairla\/wp-json\/wp\/v2\/posts"}],"about":[{"href":"https:\/\/irla.cat\/casairla\/wp-json\/wp\/v2\/types\/post"}],"author":[{"embeddable":true,"href":"https:\/\/irla.cat\/casairla\/wp-json\/wp\/v2\/users\/1"}],"replies":[{"embeddable":true,"href":"https:\/\/irla.cat\/casairla\/wp-json\/wp\/v2\/comments?post=1242"}],"version-history":[{"count":3,"href":"https:\/\/irla.cat\/casairla\/wp-json\/wp\/v2\/posts\/1242\/revisions"}],"predecessor-version":[{"id":1246,"href":"https:\/\/irla.cat\/casairla\/wp-json\/wp\/v2\/posts\/1242\/revisions\/1246"}],"wp:featuredmedia":[{"embeddable":true,"href":"https:\/\/irla.cat\/casairla\/wp-json\/wp\/v2\/media\/1244"}],"wp:attachment":[{"href":"https:\/\/irla.cat\/casairla\/wp-json\/wp\/v2\/media?parent=1242"}],"wp:term":[{"taxonomy":"category","embeddable":true,"href":"https:\/\/irla.cat\/casairla\/wp-json\/wp\/v2\/categories?post=1242"},{"taxonomy":"post_tag","embeddable":true,"href":"https:\/\/irla.cat\/casairla\/wp-json\/wp\/v2\/tags?post=1242"}],"curies":[{"name":"wp","href":"https:\/\/api.w.org\/{rel}","templated":true}]}}