{"id":1226,"date":"2020-07-02T10:41:59","date_gmt":"2020-07-02T08:41:59","guid":{"rendered":"https:\/\/irla.cat\/casairla\/?p=1226"},"modified":"2020-07-02T10:43:15","modified_gmt":"2020-07-02T08:43:15","slug":"presentacio-del-llibre-trencar-el-silenci-de-mireia-boya","status":"publish","type":"post","link":"https:\/\/irla.cat\/casairla\/2020\/07\/02\/presentacio-del-llibre-trencar-el-silenci-de-mireia-boya\/","title":{"rendered":"Presentaci\u00f3 del llibre &#8220;Trencar el silenci&#8221; de Mireia Boya"},"content":{"rendered":"\n<div>Dissabte dia 11 de juliol a les 19 h a la Casa Irla de Sant Feliu de Gu\u00edxols, presentem el llibre de la Mireia Boya &#8220;Trencar el silenci&#8221; amb pr\u00f2leg de Marta Rovira.<\/div>\n<div>\u00a0<\/div>\n<div>Despr\u00e9s d&#8217;uns mesos de descans obligat degut a la pand\u00e8mia provocada pel Covid-19 tornem amb mes for\u00e7a que mai i amb totes les mesures de prevenci\u00f3 e higiene. Esperem estigueu b\u00e9 de salut.<\/div>\n<div>\u00a0<\/div>\n<div>Hi haur\u00e0 aforament limitat, us farem desinfectar les mas a l&#8217;entrada amb gel hidroalcoh\u00f2lic i ser\u00e0 obligatori portar mascareta, ja que la Mireia Boya \u00e9s persona de risc.<\/div>\n<div>\n<div>\u00a0<\/div>\n<div>El feminisme ens ha ensenyat que all\u00f2 personal \u00e9s pol\u00edtic. Posar la vida al centre \u00e9s optar pel \u00abcuidem-nos\u00bb com a projecte, per humanitzar la pol\u00edtica.<\/div>\n<div>\u00a0<\/div>\n<div>Mireia Boya trenca el silenci amb un llibre que ens fa reflexionar i ens emociona. I ho fa obrint-nos el cor i compartint les seves impressions m\u00e9s \u00edntimes sobre el seu pas pel Parlament i pel Secretariat Nacional de la CUP-CC, el dolor per no haver pogutestar m\u00e9s amb la mare en els seus darrers moments, les actituds masclistes patidesen primera persona, l\u2019organitzaci\u00f3 del refer\u00e8ndum i la repressi\u00f3 i les seves conseq\u00fc\u00e8ncieso el valor de la solidaritat i la sonoritat.<\/div>\n<div>\u00a0<\/div>\n<div>Per a una dona, incorporar-se a la pol\u00edtica \u00e9s un repte doblement exigent. Per aix\u00f2, l\u2019autora mira a la cara aquest m\u00f3n salvatge, masculinitzat, i li demana una transformaci\u00f3. Un canvi en femen\u00ed, en qu\u00e8 l\u2019autocr\u00edtica, la comprensi\u00f3 i l\u2019empatia s\u00f3n les \u00faniques eines per tirar endavant, per fer-la m\u00e9s humana, per despatriarcalitzar-la. Un homenatge a les dones del refer\u00e8ndum i a totes les que ens han precedit en la lluita feminista, per\u00f2 tamb\u00e9 un crit a la vida i al futur per empoderar les noies que vindran.<\/div>\n<\/div>\n<div>\u00a0<\/div>\n<div>Perqu\u00e8 si les dones hi som, seguirem teixint un futur amb els fils roig i lila dels drets socials i el feminisme. La llavor est\u00e0 plantada, nom\u00e9s cal seguir regant-la.<\/div>\n","protected":false},"excerpt":{"rendered":"<p>Dissabte dia 11 de juliol a les 19 h a la Casa Irla de Sant Feliu de Gu\u00edxols, presentem el llibre de la Mireia Boya &#8220;Trencar el silenci&#8221;.<\/p>\n","protected":false},"author":1,"featured_media":1228,"comment_status":"closed","ping_status":"closed","sticky":false,"template":"","format":"standard","meta":{"footnotes":""},"categories":[1],"tags":[],"class_list":["post-1226","post","type-post","status-publish","format-standard","has-post-thumbnail","hentry","category-general"],"_links":{"self":[{"href":"https:\/\/irla.cat\/casairla\/wp-json\/wp\/v2\/posts\/1226","targetHints":{"allow":["GET"]}}],"collection":[{"href":"https:\/\/irla.cat\/casairla\/wp-json\/wp\/v2\/posts"}],"about":[{"href":"https:\/\/irla.cat\/casairla\/wp-json\/wp\/v2\/types\/post"}],"author":[{"embeddable":true,"href":"https:\/\/irla.cat\/casairla\/wp-json\/wp\/v2\/users\/1"}],"replies":[{"embeddable":true,"href":"https:\/\/irla.cat\/casairla\/wp-json\/wp\/v2\/comments?post=1226"}],"version-history":[{"count":2,"href":"https:\/\/irla.cat\/casairla\/wp-json\/wp\/v2\/posts\/1226\/revisions"}],"predecessor-version":[{"id":1230,"href":"https:\/\/irla.cat\/casairla\/wp-json\/wp\/v2\/posts\/1226\/revisions\/1230"}],"wp:featuredmedia":[{"embeddable":true,"href":"https:\/\/irla.cat\/casairla\/wp-json\/wp\/v2\/media\/1228"}],"wp:attachment":[{"href":"https:\/\/irla.cat\/casairla\/wp-json\/wp\/v2\/media?parent=1226"}],"wp:term":[{"taxonomy":"category","embeddable":true,"href":"https:\/\/irla.cat\/casairla\/wp-json\/wp\/v2\/categories?post=1226"},{"taxonomy":"post_tag","embeddable":true,"href":"https:\/\/irla.cat\/casairla\/wp-json\/wp\/v2\/tags?post=1226"}],"curies":[{"name":"wp","href":"https:\/\/api.w.org\/{rel}","templated":true}]}}