{"id":1173,"date":"2020-05-01T10:45:00","date_gmt":"2020-05-01T08:45:00","guid":{"rendered":"https:\/\/irla.cat\/casairla\/?p=1173"},"modified":"2020-05-02T10:52:37","modified_gmt":"2020-05-02T08:52:37","slug":"1-de-maig-dia-internacional-dels-treballadors","status":"publish","type":"post","link":"https:\/\/irla.cat\/casairla\/2020\/05\/01\/1-de-maig-dia-internacional-dels-treballadors\/","title":{"rendered":"1 de Maig, Dia Internacional dels Treballadors i les Treballadores"},"content":{"rendered":"\n<p>Commemoraci\u00f3 de l&#8217;1 de Maig, Dia Internacional dels Treballadors.<\/p>\n<p>El Dia Internacional dels Treballadors, el Primer de Maig, \u00e9s la jornada reivindicativa del moviment obrer mundial.<\/p>\n<p>Aquesta jornada de lluita pels drets dels treballadors fou establerta al congr\u00e9s obrer socialista celebrat a Par\u00eds el 1889. Es decid\u00ed que, en homenatge als M\u00e0rtirs de Chicago, treballadors anarquistes executats als EUA acusats dels fets de Haymarket.<\/p>\n<p>En aquell moment, la gran reivindicaci\u00f3 que s&#8217;establ\u00ed fou la jornada de 8 hores. La vaga era l&#8217;instrument que es decid\u00ed d&#8217;emprar cada 1 de maig per for\u00e7ar la patronal i els Estats liberals a acceptar la jornada de 8 hores.<\/p>\n<p>La campanya tingu\u00e9 molt d&#8217;\u00e8xit i, a poc a poc, prengu\u00e9 import\u00e0ncia i es consolid\u00e0 com a jornada de lluita de tot el moviment obrer mundial, m\u00e9s enll\u00e0 de les tend\u00e8ncies i faccions ideol\u00f2giques. Amb la conquesta de millores laborals i socials, el dia an\u00e0 perdent c\u00e0rrega reivindicativa per agafar un caire m\u00e9s festiu i de remembran\u00e7a dels fets de Chicago de 1886.<\/p>\n<p>Els fets que van donar lloc a aquesta celebraci\u00f3 estan contextualitzats en els inicis de la Revoluci\u00f3 Industrial en els Estats Units. A fins del segle xix, Chicago era la segona ciutat en nombre d&#8217;habitants dels Estats Units. De l&#8217;oest i del sud-est arribaven cada any per ferrocarril milers de ramaders desocupats, creant les primeres viles humils que albergaven a centenars de milers de treballadors. A m\u00e9s, aquests centres urbans van acollir a emigrants arribats de tot el m\u00f3n al llarg del segle XIX.<\/p>\n<p>Des de l&#8217;inici de la revoluci\u00f3 industrial, \u00e0mplies capes de la poblaci\u00f3 femenina dels sectors populars es van incorporar al treball assalariat. Aquesta incorporaci\u00f3 no les exim\u00ed, per\u00f2, de continuar sent responsables del treball de cura de les persones del grup familiar ni de les activitats dom\u00e8stiques. Les prec\u00e0ries i dif\u00edcils condicions del treball industrial van provocar, des de mitjans del segle xix, l&#8217;aparici\u00f3 de moviments de dones que reivindicaven millors condicions laborals, com ara la reducci\u00f3 de la jornada laboral, la limitaci\u00f3 de l&#8217;edat de treball de les criatures, la prohibici\u00f3 de l&#8217;horari nocturn per a les dones, la compensaci\u00f3 econ\u00f2mica per accidents laborals i les mesures per prevenir-los.<\/p>\n<p>D&#8217;aquesta experi\u00e8ncia, Catalunya no en va quedar al marge. N&#8217;\u00e9s un exemple la vaga que 3.500 treballadores del sector t\u00e8xtil d&#8217;Igualada van fer l&#8217;any 1881, en demanda de millors condicions de treball.<\/p>\n<p>\u00a0<\/p>\n","protected":false},"excerpt":{"rendered":"","protected":false},"author":1,"featured_media":1174,"comment_status":"closed","ping_status":"closed","sticky":false,"template":"","format":"standard","meta":{"footnotes":""},"categories":[1],"tags":[],"class_list":["post-1173","post","type-post","status-publish","format-standard","has-post-thumbnail","hentry","category-general"],"_links":{"self":[{"href":"https:\/\/irla.cat\/casairla\/wp-json\/wp\/v2\/posts\/1173","targetHints":{"allow":["GET"]}}],"collection":[{"href":"https:\/\/irla.cat\/casairla\/wp-json\/wp\/v2\/posts"}],"about":[{"href":"https:\/\/irla.cat\/casairla\/wp-json\/wp\/v2\/types\/post"}],"author":[{"embeddable":true,"href":"https:\/\/irla.cat\/casairla\/wp-json\/wp\/v2\/users\/1"}],"replies":[{"embeddable":true,"href":"https:\/\/irla.cat\/casairla\/wp-json\/wp\/v2\/comments?post=1173"}],"version-history":[{"count":2,"href":"https:\/\/irla.cat\/casairla\/wp-json\/wp\/v2\/posts\/1173\/revisions"}],"predecessor-version":[{"id":1176,"href":"https:\/\/irla.cat\/casairla\/wp-json\/wp\/v2\/posts\/1173\/revisions\/1176"}],"wp:featuredmedia":[{"embeddable":true,"href":"https:\/\/irla.cat\/casairla\/wp-json\/wp\/v2\/media\/1174"}],"wp:attachment":[{"href":"https:\/\/irla.cat\/casairla\/wp-json\/wp\/v2\/media?parent=1173"}],"wp:term":[{"taxonomy":"category","embeddable":true,"href":"https:\/\/irla.cat\/casairla\/wp-json\/wp\/v2\/categories?post=1173"},{"taxonomy":"post_tag","embeddable":true,"href":"https:\/\/irla.cat\/casairla\/wp-json\/wp\/v2\/tags?post=1173"}],"curies":[{"name":"wp","href":"https:\/\/api.w.org\/{rel}","templated":true}]}}