{"id":1164,"date":"2020-04-14T09:41:00","date_gmt":"2020-04-14T07:41:00","guid":{"rendered":"https:\/\/irla.cat\/casairla\/?p=1164"},"modified":"2020-04-30T12:40:04","modified_gmt":"2020-04-30T10:40:04","slug":"14-dabril-de-1931-86-anys-de-la-proclamacio-de-la-republica","status":"publish","type":"post","link":"https:\/\/irla.cat\/casairla\/2020\/04\/14\/14-dabril-de-1931-86-anys-de-la-proclamacio-de-la-republica\/","title":{"rendered":"14 d&#8217;abril de 1931: 86 anys de la proclamaci\u00f3 de la Rep\u00fablica"},"content":{"rendered":"\n<p>El 14 d\u2019abril de 1931, arran de la gran vict\u00f2ria republicana a les municipals i despr\u00e9s que Companys hagi proclamat la Rep\u00fablica des del balc\u00f3 de l\u2019Ajuntament de Barcelona, Francesc Maci\u00e0 proclama la Rep\u00fablica catalana dins de la Federaci\u00f3 Ib\u00e8rica des del balc\u00f3 del Palau de la Generalitat. La Rep\u00fablica tamb\u00e9 ser\u00e0 proclamada des de diversos ajuntaments del pa\u00eds.<\/p>\n<p>Despr\u00e9s d\u2019intenses negociacions amb el govern provisional de la Segona Rep\u00fablica espanyola, es recupera la Generalitat de Catalunya i Francesc Maci\u00e0 esdev\u00e9 el primer president del govern provisional catal\u00e0. D\u2019aquesta manera, queda reinstaurada la instituci\u00f3 d\u2019autogovern que havia estat dissolta el 1714 amb la p\u00e8rdua de sobirania nacional arran del Decret de Nova Planta.<\/p>\n<p>A partir d\u2019aquest moment, Esquerra Republicana guanyar\u00e0 totes les eleccions que s&#8217;aniran celebrant en el marc de la Segona Rep\u00fablica espanyola. Als comicis per al Parlament del novembre de 1932 el partit, que es presenta en coalici\u00f3 amb la Uni\u00f3 Socialista de Catalunya, obt\u00e9 una clara vict\u00f2ria amb 67 dels 85 escons de la cambra catalana. Francesc Maci\u00e0 \u00e9s escollit president del nou govern, mentre que Llu\u00eds Companys \u00e9s elegit president del Parlament de Catalunya.<\/p>\n<p>Amb la recuperaci\u00f3 de l\u2019autogovern, en nom\u00e9s dos mesos es redacta l\u2019Estatut de N\u00faria. Cal un marc legal que garanteixi la recuperaci\u00f3 de la sobirania arrabassada i s\u2019hi inclou tamb\u00e9 el reconeixement del dret a l\u2019autodeterminaci\u00f3. L\u2019agost de 1931 l\u2019Estatut \u00e9s clarament aprovat en refer\u00e8ndum a Catalunya amb un 99% dels vots i una participaci\u00f3 del 75% del cens. Les dones, que encara no poden votar legalment, han estat recollint signatures de suport i, en total, n\u2019aporten 400.000.<\/p>\n<p>Malgrat el suport majoritari del poble catal\u00e0 al text inicial, el setembre de 1932 les Corts espanyoles acaben aprovant un Estatut significativament retallat. La decepci\u00f3 \u00e9s gran, per\u00f2 la necessitat de l\u2019Estatut tamb\u00e9, i aquest s\u2019aplica de seguida. Aix\u00ed doncs, el novembre del mateix any s\u2019escollir\u00e0 el nou Parlament de Catalunya.<\/p>\n<p>El desembre de 1933, nom\u00e9s un any despr\u00e9s de veure recuperat l\u2019anhelat autogovern, mor el president Maci\u00e0 i Llu\u00eds Companys el succeeix en el c\u00e0rrec com a President de la Generalitat. Des del juny del mateix any, Joan Casanovas i Maristany assumeix la presid\u00e8ncia del Parlament.<\/p>\n<p>\u00a0<\/p>\n","protected":false},"excerpt":{"rendered":"<p>El 14 d\u2019abril de 1931, arran de la gran vict\u00f2ria republicana a les municipals i despr\u00e9s que Companys hagi proclamat la Rep\u00fablica<\/p>\n","protected":false},"author":1,"featured_media":1165,"comment_status":"closed","ping_status":"closed","sticky":false,"template":"","format":"standard","meta":{"footnotes":""},"categories":[1],"tags":[],"class_list":["post-1164","post","type-post","status-publish","format-standard","has-post-thumbnail","hentry","category-general"],"_links":{"self":[{"href":"https:\/\/irla.cat\/casairla\/wp-json\/wp\/v2\/posts\/1164","targetHints":{"allow":["GET"]}}],"collection":[{"href":"https:\/\/irla.cat\/casairla\/wp-json\/wp\/v2\/posts"}],"about":[{"href":"https:\/\/irla.cat\/casairla\/wp-json\/wp\/v2\/types\/post"}],"author":[{"embeddable":true,"href":"https:\/\/irla.cat\/casairla\/wp-json\/wp\/v2\/users\/1"}],"replies":[{"embeddable":true,"href":"https:\/\/irla.cat\/casairla\/wp-json\/wp\/v2\/comments?post=1164"}],"version-history":[{"count":2,"href":"https:\/\/irla.cat\/casairla\/wp-json\/wp\/v2\/posts\/1164\/revisions"}],"predecessor-version":[{"id":1167,"href":"https:\/\/irla.cat\/casairla\/wp-json\/wp\/v2\/posts\/1164\/revisions\/1167"}],"wp:featuredmedia":[{"embeddable":true,"href":"https:\/\/irla.cat\/casairla\/wp-json\/wp\/v2\/media\/1165"}],"wp:attachment":[{"href":"https:\/\/irla.cat\/casairla\/wp-json\/wp\/v2\/media?parent=1164"}],"wp:term":[{"taxonomy":"category","embeddable":true,"href":"https:\/\/irla.cat\/casairla\/wp-json\/wp\/v2\/categories?post=1164"},{"taxonomy":"post_tag","embeddable":true,"href":"https:\/\/irla.cat\/casairla\/wp-json\/wp\/v2\/tags?post=1164"}],"curies":[{"name":"wp","href":"https:\/\/api.w.org\/{rel}","templated":true}]}}