{"id":116,"date":"2013-11-18T15:51:46","date_gmt":"2013-11-18T14:51:46","guid":{"rendered":"http:\/\/www.irla.cat\/casairla\/?p=116"},"modified":"2017-03-15T00:41:17","modified_gmt":"2017-03-14T23:41:17","slug":"santiago-nino-becerra","status":"publish","type":"post","link":"https:\/\/irla.cat\/casairla\/2013\/11\/18\/santiago-nino-becerra\/","title":{"rendered":"Santiago Ni\u00f1o Becerra"},"content":{"rendered":"<p><span lang=\"CA\">Santiago Ni\u00f1o Becerra va omplir fins la bandera la Casa Irla.<\/span><!--more--><\/p>\n<p><span lang=\"CA\"> Amb el seu estil franc i realista va dibuixar una situaci\u00f3 econ\u00f2mica i pol\u00edtica complicada, gens f\u00e0cil de superar: \u201cmai res tornar\u00e0 ser com havia estat\u201d, va dir el professor Ni\u00f1o Becerra. Al llarg de m\u00e9s d\u2019una hora i mitja es va generar un intens i interessant debat sobre economia i, \u00e9s clar, tamb\u00e9 sobre la Independ\u00e8ncia de Catalunya, la seva opini\u00f3 \u00e9s clara en aquest sentit: \u201cuna Catalunya independent \u00e9s possible econ\u00f2micament\u201d.<\/span><\/p>\n<p><span lang=\"CA\">I encara m\u00e9s: \u201cen tant sols 5 anys, una Catalunya independent podria liquidar tot el seu endeutament\u201d.<\/span><\/p>\n<p><img loading=\"lazy\" decoding=\"async\" class=\"aligncenter size-medium wp-image-118\" src=\"http:\/\/www.irla.cat\/casairla\/wp-content\/uploads\/2017\/03\/Nin\u0303o-Becerra-Casa-Irla-300x225.jpg\" alt=\"\" width=\"300\" height=\"225\" srcset=\"https:\/\/irla.cat\/casairla\/wp-content\/uploads\/2017\/03\/Nin\u0303o-Becerra-Casa-Irla-300x225.jpg 300w, https:\/\/irla.cat\/casairla\/wp-content\/uploads\/2017\/03\/Nin\u0303o-Becerra-Casa-Irla.jpg 533w\" sizes=\"auto, (max-width: 300px) 100vw, 300px\" \/><\/p>\n","protected":false},"excerpt":{"rendered":"<p>Santiago Ni\u00f1o Becerra va omplir fins la bandera la Casa Irla.<\/p>\n","protected":false},"author":1,"featured_media":192,"comment_status":"open","ping_status":"open","sticky":false,"template":"template-centered.php","format":"standard","meta":{"footnotes":""},"categories":[1],"tags":[],"class_list":["post-116","post","type-post","status-publish","format-standard","has-post-thumbnail","hentry","category-general"],"_links":{"self":[{"href":"https:\/\/irla.cat\/casairla\/wp-json\/wp\/v2\/posts\/116","targetHints":{"allow":["GET"]}}],"collection":[{"href":"https:\/\/irla.cat\/casairla\/wp-json\/wp\/v2\/posts"}],"about":[{"href":"https:\/\/irla.cat\/casairla\/wp-json\/wp\/v2\/types\/post"}],"author":[{"embeddable":true,"href":"https:\/\/irla.cat\/casairla\/wp-json\/wp\/v2\/users\/1"}],"replies":[{"embeddable":true,"href":"https:\/\/irla.cat\/casairla\/wp-json\/wp\/v2\/comments?post=116"}],"version-history":[{"count":1,"href":"https:\/\/irla.cat\/casairla\/wp-json\/wp\/v2\/posts\/116\/revisions"}],"predecessor-version":[{"id":120,"href":"https:\/\/irla.cat\/casairla\/wp-json\/wp\/v2\/posts\/116\/revisions\/120"}],"wp:featuredmedia":[{"embeddable":true,"href":"https:\/\/irla.cat\/casairla\/wp-json\/wp\/v2\/media\/192"}],"wp:attachment":[{"href":"https:\/\/irla.cat\/casairla\/wp-json\/wp\/v2\/media?parent=116"}],"wp:term":[{"taxonomy":"category","embeddable":true,"href":"https:\/\/irla.cat\/casairla\/wp-json\/wp\/v2\/categories?post=116"},{"taxonomy":"post_tag","embeddable":true,"href":"https:\/\/irla.cat\/casairla\/wp-json\/wp\/v2\/tags?post=116"}],"curies":[{"name":"wp","href":"https:\/\/api.w.org\/{rel}","templated":true}]}}