{"id":1155,"date":"2020-03-14T12:00:55","date_gmt":"2020-03-14T11:00:55","guid":{"rendered":"https:\/\/irla.cat\/casairla\/?p=1155"},"modified":"2020-03-14T12:02:38","modified_gmt":"2020-03-14T11:02:38","slug":"la-casa-irla-i-el-bar-casa-irla-tanquen-i-ajornen-tots-els-actes-previstos","status":"publish","type":"post","link":"https:\/\/irla.cat\/casairla\/2020\/03\/14\/la-casa-irla-i-el-bar-casa-irla-tanquen-i-ajornen-tots-els-actes-previstos\/","title":{"rendered":"La Casa Irla i el Bar Casa Irla tanquen i ajornen tots els actes previstos"},"content":{"rendered":"\n<div>\n<p>Davant les mesures sanit\u00e0ries anunciades per la Generalitat de Catalunya la Casa Irla-Fundaci\u00f3 Josep Irla hem decidit ajornar, de moment, tots els actes programats pel mes de mar\u00e7 que son:<br \/>Dia 13 de mar\u00e7: Cicle ELLES Concert de la Marta Knight<br \/>Dia 21 de mar\u00e7: Xerrada i sopar-tert\u00falia amb Joan Ol\u00f3riz i Joan Tard\u00e0.<br \/>Dia 28 de mar\u00e7; Presentaci\u00f3 del llibre de Pere Bosch.<br \/>Dia 28 de mar\u00e7: Cicle ELLES concert de la Carla<\/p>\n<div>\n<p>Tan bon punt la situaci\u00f3 s&#8217;estabilitzi tornarem a anunciar noves dates.<\/p>\n<\/div>\n<\/div>\n<div>\n<div>Moltes gr\u00e0cies.<\/div>\n<\/div>\n","protected":false},"excerpt":{"rendered":"<p>Davant les mesures sanit\u00e0ries anunciades per la Generalitat la Casa Irla-Fundaci\u00f3 Josep Irla hem decidit ajornar els actes programats al mar\u00e7.<\/p>\n","protected":false},"author":1,"featured_media":1156,"comment_status":"closed","ping_status":"closed","sticky":false,"template":"","format":"standard","meta":{"footnotes":""},"categories":[1],"tags":[],"class_list":["post-1155","post","type-post","status-publish","format-standard","has-post-thumbnail","hentry","category-general"],"_links":{"self":[{"href":"https:\/\/irla.cat\/casairla\/wp-json\/wp\/v2\/posts\/1155","targetHints":{"allow":["GET"]}}],"collection":[{"href":"https:\/\/irla.cat\/casairla\/wp-json\/wp\/v2\/posts"}],"about":[{"href":"https:\/\/irla.cat\/casairla\/wp-json\/wp\/v2\/types\/post"}],"author":[{"embeddable":true,"href":"https:\/\/irla.cat\/casairla\/wp-json\/wp\/v2\/users\/1"}],"replies":[{"embeddable":true,"href":"https:\/\/irla.cat\/casairla\/wp-json\/wp\/v2\/comments?post=1155"}],"version-history":[{"count":4,"href":"https:\/\/irla.cat\/casairla\/wp-json\/wp\/v2\/posts\/1155\/revisions"}],"predecessor-version":[{"id":1160,"href":"https:\/\/irla.cat\/casairla\/wp-json\/wp\/v2\/posts\/1155\/revisions\/1160"}],"wp:featuredmedia":[{"embeddable":true,"href":"https:\/\/irla.cat\/casairla\/wp-json\/wp\/v2\/media\/1156"}],"wp:attachment":[{"href":"https:\/\/irla.cat\/casairla\/wp-json\/wp\/v2\/media?parent=1155"}],"wp:term":[{"taxonomy":"category","embeddable":true,"href":"https:\/\/irla.cat\/casairla\/wp-json\/wp\/v2\/categories?post=1155"},{"taxonomy":"post_tag","embeddable":true,"href":"https:\/\/irla.cat\/casairla\/wp-json\/wp\/v2\/tags?post=1155"}],"curies":[{"name":"wp","href":"https:\/\/api.w.org\/{rel}","templated":true}]}}