{"id":1146,"date":"2020-03-04T09:52:33","date_gmt":"2020-03-04T08:52:33","guid":{"rendered":"https:\/\/irla.cat\/casairla\/?p=1146"},"modified":"2020-03-04T09:52:34","modified_gmt":"2020-03-04T08:52:34","slug":"dissabte-7-de-marc-presentacio-del-llibre-disidre-grau-un-dissabte-de-primavera","status":"publish","type":"post","link":"https:\/\/irla.cat\/casairla\/2020\/03\/04\/dissabte-7-de-marc-presentacio-del-llibre-disidre-grau-un-dissabte-de-primavera\/","title":{"rendered":"Dissabte 7 de mar\u00e7 presentaci\u00f3 del llibre d&#8217;Isidre Grau &#8220;Un dissabte de primavera"},"content":{"rendered":"\n<p>El proper dissabte dia 7 de mar\u00e7 a les 19 h presentem el llibre &#8220;Un dissabte de primavera&#8221; de l&#8217;Isidre Grau. Presentar\u00e0 l&#8217;acte Pilar Franc\u00e8s.<\/p>\n<p>Enmig de l\u2019efervesc\u00e8ncia, les olors i els colors de la primavera, un dissabte qualsevol \u00e9s suficient per capgirar les inquietuds dels personatges d\u2019una hist\u00f2ria ambientada a La Sarabanda, una antiga torre senyorial que es convertir\u00e0 en testimoni d\u2019una trobada entre dues parelles, i una tercera al backstage. Aparentment, gaudeixen de les seves vides amb total plenitud i sense grans preocupacions, fins que l\u2019imprevist canviar\u00e0 la visi\u00f3 del seu m\u00f3n.<\/p>\n<p><br \/>Una del\u00edcia de novel\u00b7la, tota ella impregnada d\u2019una atmosfera propera a l\u2019erotisme, al desig; i alhora, un convit optimista a la reflexi\u00f3 sobre les fronteres entre l\u2019amor, el sexe i les diferents maneres d\u2019estimar.<\/p>\n<p>\u00a0<\/p>\n","protected":false},"excerpt":{"rendered":"<p>El proper dissabte dia 7 de mar\u00e7 a les 19 h presentem el llibre &#8220;Un dissabte de primavera&#8221; de l&#8217;Isidre Grau. Presentar\u00e0 l&#8217;acte Pilar Franc\u00e8s.<\/p>\n","protected":false},"author":1,"featured_media":1149,"comment_status":"closed","ping_status":"closed","sticky":false,"template":"","format":"standard","meta":{"footnotes":""},"categories":[1],"tags":[],"class_list":["post-1146","post","type-post","status-publish","format-standard","has-post-thumbnail","hentry","category-general"],"_links":{"self":[{"href":"https:\/\/irla.cat\/casairla\/wp-json\/wp\/v2\/posts\/1146","targetHints":{"allow":["GET"]}}],"collection":[{"href":"https:\/\/irla.cat\/casairla\/wp-json\/wp\/v2\/posts"}],"about":[{"href":"https:\/\/irla.cat\/casairla\/wp-json\/wp\/v2\/types\/post"}],"author":[{"embeddable":true,"href":"https:\/\/irla.cat\/casairla\/wp-json\/wp\/v2\/users\/1"}],"replies":[{"embeddable":true,"href":"https:\/\/irla.cat\/casairla\/wp-json\/wp\/v2\/comments?post=1146"}],"version-history":[{"count":2,"href":"https:\/\/irla.cat\/casairla\/wp-json\/wp\/v2\/posts\/1146\/revisions"}],"predecessor-version":[{"id":1148,"href":"https:\/\/irla.cat\/casairla\/wp-json\/wp\/v2\/posts\/1146\/revisions\/1148"}],"wp:featuredmedia":[{"embeddable":true,"href":"https:\/\/irla.cat\/casairla\/wp-json\/wp\/v2\/media\/1149"}],"wp:attachment":[{"href":"https:\/\/irla.cat\/casairla\/wp-json\/wp\/v2\/media?parent=1146"}],"wp:term":[{"taxonomy":"category","embeddable":true,"href":"https:\/\/irla.cat\/casairla\/wp-json\/wp\/v2\/categories?post=1146"},{"taxonomy":"post_tag","embeddable":true,"href":"https:\/\/irla.cat\/casairla\/wp-json\/wp\/v2\/tags?post=1146"}],"curies":[{"name":"wp","href":"https:\/\/api.w.org\/{rel}","templated":true}]}}