{"id":1142,"date":"2020-03-10T10:00:00","date_gmt":"2020-03-10T09:00:00","guid":{"rendered":"https:\/\/irla.cat\/casairla\/?p=1142"},"modified":"2020-03-04T09:49:12","modified_gmt":"2020-03-04T08:49:12","slug":"dissabte-dia-14-de-marc-a-les-19-h-inauguracio-nova-exposicio-que-porta-per-titol-re-vers-danna-vilarrubias","status":"publish","type":"post","link":"https:\/\/irla.cat\/casairla\/2020\/03\/10\/dissabte-dia-14-de-marc-a-les-19-h-inauguracio-nova-exposicio-que-porta-per-titol-re-vers-danna-vilarrubias\/","title":{"rendered":"Dissabte dia 14 de mar\u00e7 a les 19 h inauguraci\u00f3 de l&#8217;exposici\u00f3 re-Vers d&#8217;Anna Vilarr\u00fabias"},"content":{"rendered":"<p>Re-Vers es podr\u00e0 veure des del 14 de mar\u00e7 al 10 de maig a la Casa Irla de Sant Feliu de Gu\u00edxols, i el vernissatge ser\u00e0 a les 19 h<\/p>\n<div>Quan observem l\u2019obra de l\u2019Anna Vilarr\u00fabias tenim una primera impressi\u00f3 d\u2019ordenada<\/div>\n<div>conson\u00e0ncia. Amb una repetici\u00f3 que ens conforta, en ella creiem veure-hi una expressi\u00f3 d\u2019estabilitat i solidesa que ens facilita la comprensi\u00f3 inicial.<\/div>\n<div><\/div>\n<div>Per\u00f2 de sobte el gest d\u2019una l\u00ednia, la situaci\u00f3 d\u2019una pe\u00e7a o la pres\u00e8ncia d\u2019alguns elements crom\u00e0tics trenquen el ritme previst i prenen un cam\u00ed propi. Obren pas a un canvi inesperat, i all\u00f2 que hav\u00edem vist al comen\u00e7ament es converteix en vers lliure.<\/div>\n<div><\/div>\n<div>Geometria din\u00e0mica, onades que avancen per\u00f2 que tamb\u00e9 reculen, i cont\u00ednuum vital.<\/div>\n<div><\/div>\n<div>Davant la complexitat que ens envolta, l\u2019autora tria l\u2019expressi\u00f3 creativa per omplir-la amb silencis i fer callar el soroll, com si fes ress\u00f2 de les paraules de Camus: <i>Si le monde \u00e9tait clair, l\u2019art n\u2019existerait pas.<\/i><\/div>\n","protected":false},"excerpt":{"rendered":"<p>Re-Vers es podr\u00e0 veure des del 14 de mar\u00e7 al 10 de maig a la Casa Irla de Sant Feliu de Gu\u00edxols, i el vernissatge ser\u00e0 a les 19 h<\/p>\n","protected":false},"author":1,"featured_media":1143,"comment_status":"closed","ping_status":"closed","sticky":false,"template":"","format":"standard","meta":{"footnotes":""},"categories":[1],"tags":[],"class_list":["post-1142","post","type-post","status-publish","format-standard","has-post-thumbnail","hentry","category-general"],"_links":{"self":[{"href":"https:\/\/irla.cat\/casairla\/wp-json\/wp\/v2\/posts\/1142","targetHints":{"allow":["GET"]}}],"collection":[{"href":"https:\/\/irla.cat\/casairla\/wp-json\/wp\/v2\/posts"}],"about":[{"href":"https:\/\/irla.cat\/casairla\/wp-json\/wp\/v2\/types\/post"}],"author":[{"embeddable":true,"href":"https:\/\/irla.cat\/casairla\/wp-json\/wp\/v2\/users\/1"}],"replies":[{"embeddable":true,"href":"https:\/\/irla.cat\/casairla\/wp-json\/wp\/v2\/comments?post=1142"}],"version-history":[{"count":2,"href":"https:\/\/irla.cat\/casairla\/wp-json\/wp\/v2\/posts\/1142\/revisions"}],"predecessor-version":[{"id":1145,"href":"https:\/\/irla.cat\/casairla\/wp-json\/wp\/v2\/posts\/1142\/revisions\/1145"}],"wp:featuredmedia":[{"embeddable":true,"href":"https:\/\/irla.cat\/casairla\/wp-json\/wp\/v2\/media\/1143"}],"wp:attachment":[{"href":"https:\/\/irla.cat\/casairla\/wp-json\/wp\/v2\/media?parent=1142"}],"wp:term":[{"taxonomy":"category","embeddable":true,"href":"https:\/\/irla.cat\/casairla\/wp-json\/wp\/v2\/categories?post=1142"},{"taxonomy":"post_tag","embeddable":true,"href":"https:\/\/irla.cat\/casairla\/wp-json\/wp\/v2\/tags?post=1142"}],"curies":[{"name":"wp","href":"https:\/\/api.w.org\/{rel}","templated":true}]}}