{"id":1138,"date":"2020-02-25T10:14:08","date_gmt":"2020-02-25T09:14:08","guid":{"rendered":"https:\/\/irla.cat\/casairla\/?p=1138"},"modified":"2020-02-25T10:14:10","modified_gmt":"2020-02-25T09:14:10","slug":"dissabte-29-presentacio-dels-llibres-de-jaume-sisa-els-llibres-galactics-de-1966-2018","status":"publish","type":"post","link":"https:\/\/irla.cat\/casairla\/2020\/02\/25\/dissabte-29-presentacio-dels-llibres-de-jaume-sisa-els-llibres-galactics-de-1966-2018\/","title":{"rendered":"Dissabte 29 presentaci\u00f3 dels llibres de Jaume Sisa &#8220;Els llibres gal\u00e0ctics de 1966-2018&#8221;"},"content":{"rendered":"\n<p>Dissabte 29 de febrer a les 19h a la Casa Irla es presentaran &#8220;Els llibres gal\u00e0ctics de 1966-2018&#8221; de Jaume Sisa.<\/p>\n<p>L&#8217;acte estar\u00e0 presentant per Xavi Calvet on es far\u00e0 un recorregut per l\u2019obra (quasi) completa de Jaume Sisa, cantautor gal\u00e0ctic i autor del cl\u00e0ssic Qualsevol nit pot sortir el sol, i dels seus alter ego.<\/p>\n<p>&#8220;Els llibres gal\u00e0ctics 1966- 2018&#8221; explica les vides conquistades per Sisa: la cantada, la somiada, la pensada, la viscuda, la prestada, l\u2019amagada i la reencarnada.<\/p>\n<p>&#8220;Lletres musicals&#8221; cont\u00e9 la col\u00b7lecci\u00f3 \u00edntegra de can\u00e7ons de Sisa, puntejades pels pr\u00f2legs que Ventura Mestres, el seu comentarista ofi cial, n\u2019ha escrit al llarg dels anys.<\/p>\n<p>&#8220;Poesia dispersa&#8221; compagina poemes i prosa po\u00e8tica. \u00abRumiacions\u00bb reuneix una quarantena d\u2019aforismes. \u00abAutoxocs Lavida\u00bb aplega correspond\u00e8ncia, articles de premsa, un dietari in\u00e8dit i retrats d\u2019altres \u00e9ssers gal\u00e0ctics: el resultat \u00e9s una viv\u00edssima autobiografia fragment\u00e0ria.<\/p>\n<p>&#8220;Int\u00e9rprete polifac\u00e9tico&#8221; inclou tota l\u2019obra escrita de Ricardo Solfa: una targeta de visita.<\/p>\n<p>&#8220;Cancionero y variedades&#8221; \u00e9s el llibre d\u2019Armando Llamado, la m\u00e0scara m\u00e9s esquiva de Sisa, autor de les can\u00e7ons de Solfa i de trespoemaris que veuen la llum aqu\u00ed per primer cop. Finalment, \u00abEl Viajante\u00bb refl ecteix a trav\u00e9s de l\u2019ens metaf\u00f2ric d\u2019un viatjant de comer\u00e7 les sensibilitats i contradiccions del nostre artista.<\/p>\n<p>En acabar l&#8217;acte de presentaci\u00f3 del llibre hi haur\u00e0 un concert homenatge a en Sisa amb el grup\u00a0Red P\u00e8rill.<\/p>\n<p>\u00a0<\/p>\n","protected":false},"excerpt":{"rendered":"<p>Dissabte 29 de febrer a les 19h a la Casa Irla es presentaran &#8220;Els llibres gal\u00e0ctics de 1966-2018&#8221; de Jaume Sisa.<\/p>\n","protected":false},"author":1,"featured_media":1139,"comment_status":"closed","ping_status":"closed","sticky":false,"template":"","format":"standard","meta":{"footnotes":""},"categories":[1],"tags":[],"class_list":["post-1138","post","type-post","status-publish","format-standard","has-post-thumbnail","hentry","category-general"],"_links":{"self":[{"href":"https:\/\/irla.cat\/casairla\/wp-json\/wp\/v2\/posts\/1138","targetHints":{"allow":["GET"]}}],"collection":[{"href":"https:\/\/irla.cat\/casairla\/wp-json\/wp\/v2\/posts"}],"about":[{"href":"https:\/\/irla.cat\/casairla\/wp-json\/wp\/v2\/types\/post"}],"author":[{"embeddable":true,"href":"https:\/\/irla.cat\/casairla\/wp-json\/wp\/v2\/users\/1"}],"replies":[{"embeddable":true,"href":"https:\/\/irla.cat\/casairla\/wp-json\/wp\/v2\/comments?post=1138"}],"version-history":[{"count":1,"href":"https:\/\/irla.cat\/casairla\/wp-json\/wp\/v2\/posts\/1138\/revisions"}],"predecessor-version":[{"id":1140,"href":"https:\/\/irla.cat\/casairla\/wp-json\/wp\/v2\/posts\/1138\/revisions\/1140"}],"wp:featuredmedia":[{"embeddable":true,"href":"https:\/\/irla.cat\/casairla\/wp-json\/wp\/v2\/media\/1139"}],"wp:attachment":[{"href":"https:\/\/irla.cat\/casairla\/wp-json\/wp\/v2\/media?parent=1138"}],"wp:term":[{"taxonomy":"category","embeddable":true,"href":"https:\/\/irla.cat\/casairla\/wp-json\/wp\/v2\/categories?post=1138"},{"taxonomy":"post_tag","embeddable":true,"href":"https:\/\/irla.cat\/casairla\/wp-json\/wp\/v2\/tags?post=1138"}],"curies":[{"name":"wp","href":"https:\/\/api.w.org\/{rel}","templated":true}]}}