{"id":1134,"date":"2020-02-10T10:42:09","date_gmt":"2020-02-10T09:42:09","guid":{"rendered":"https:\/\/irla.cat\/casairla\/?p=1134"},"modified":"2020-02-10T10:42:12","modified_gmt":"2020-02-10T09:42:12","slug":"el-conflicte-inevitable-de-matthew-tree-omple-la-casa-irla","status":"publish","type":"post","link":"https:\/\/irla.cat\/casairla\/2020\/02\/10\/el-conflicte-inevitable-de-matthew-tree-omple-la-casa-irla\/","title":{"rendered":"&#8220;El conflicte inevitable&#8221; de Matthew Tree omple la Casa Irla"},"content":{"rendered":"\n<p>Aquest dissabte la Casa Irla es va omplir de gom a gom per a la presentaci\u00f3 del nou llibre de Matthew Tree &#8220;El conflicte inevitable&#8221;.<\/p>\n<p>L&#8217;acte va ser presentant pel regidor d&#8217;Esquerra Republicana de Catalunya a Sant Feliu de Gu\u00edxols Jordi Cambronero.<\/p>\n<p>En el llibre trobem una s\u00e8rie de textos que resumeixen la seva visi\u00f3 del cas catal\u00e0. L\u2019autor\u00a0parteix de la commoci\u00f3 del dia 1 d\u2019octubre per recuperar la seva viv\u00e8ncia personal de Catalunya, des que va posar els peus per primera vegada a Barcelona, ara fa gaireb\u00e9 quaranta anys, fins avui.<\/p>\n<p>\u00a0<\/p>\n<div class=\"_3x-2\" data-ft=\"{&quot;tn&quot;:&quot;H&quot;}\">\n<div data-ft=\"{&quot;tn&quot;:&quot;H&quot;}\">\n<div class=\"mtm\">\u00a0<\/div>\n<\/div>\n<\/div>\n<div id=\"js_1km\" class=\"_5pbx userContent _3576\" data-testid=\"post_message\" data-ft=\"{&quot;tn&quot;:&quot;K&quot;}\">\n<p>\u00a0<\/p>\n<\/div>\n<div class=\"_3x-2\" data-ft=\"{&quot;tn&quot;:&quot;H&quot;}\">\n<div data-ft=\"{&quot;tn&quot;:&quot;H&quot;}\">\n<div class=\"mtm\">\n<div class=\"_2a2q _65sr\">\u00a0<\/div>\n<\/div>\n<\/div>\n<\/div>\n","protected":false},"excerpt":{"rendered":"<p>Aquest dissabte la Casa Irla es va omplir de gom a gom per a la presentaci\u00f3 del nou llibre de Matthew Tree &#8220;El conflicte inevitable&#8221;.<\/p>\n","protected":false},"author":1,"featured_media":1135,"comment_status":"closed","ping_status":"closed","sticky":false,"template":"","format":"standard","meta":{"footnotes":""},"categories":[1],"tags":[],"class_list":["post-1134","post","type-post","status-publish","format-standard","has-post-thumbnail","hentry","category-general"],"_links":{"self":[{"href":"https:\/\/irla.cat\/casairla\/wp-json\/wp\/v2\/posts\/1134","targetHints":{"allow":["GET"]}}],"collection":[{"href":"https:\/\/irla.cat\/casairla\/wp-json\/wp\/v2\/posts"}],"about":[{"href":"https:\/\/irla.cat\/casairla\/wp-json\/wp\/v2\/types\/post"}],"author":[{"embeddable":true,"href":"https:\/\/irla.cat\/casairla\/wp-json\/wp\/v2\/users\/1"}],"replies":[{"embeddable":true,"href":"https:\/\/irla.cat\/casairla\/wp-json\/wp\/v2\/comments?post=1134"}],"version-history":[{"count":1,"href":"https:\/\/irla.cat\/casairla\/wp-json\/wp\/v2\/posts\/1134\/revisions"}],"predecessor-version":[{"id":1136,"href":"https:\/\/irla.cat\/casairla\/wp-json\/wp\/v2\/posts\/1134\/revisions\/1136"}],"wp:featuredmedia":[{"embeddable":true,"href":"https:\/\/irla.cat\/casairla\/wp-json\/wp\/v2\/media\/1135"}],"wp:attachment":[{"href":"https:\/\/irla.cat\/casairla\/wp-json\/wp\/v2\/media?parent=1134"}],"wp:term":[{"taxonomy":"category","embeddable":true,"href":"https:\/\/irla.cat\/casairla\/wp-json\/wp\/v2\/categories?post=1134"},{"taxonomy":"post_tag","embeddable":true,"href":"https:\/\/irla.cat\/casairla\/wp-json\/wp\/v2\/tags?post=1134"}],"curies":[{"name":"wp","href":"https:\/\/api.w.org\/{rel}","templated":true}]}}