{"id":113,"date":"2013-11-10T15:49:16","date_gmt":"2013-11-10T14:49:16","guid":{"rendered":"http:\/\/www.irla.cat\/casairla\/?p=113"},"modified":"2017-03-15T00:40:05","modified_gmt":"2017-03-14T23:40:05","slug":"cancons-amb-nom-de-dona-el-sueco","status":"publish","type":"post","link":"https:\/\/irla.cat\/casairla\/2013\/11\/10\/cancons-amb-nom-de-dona-el-sueco\/","title":{"rendered":"Can\u00e7ons amb nom de dona &#8220;El Sueco&#8221;"},"content":{"rendered":"<p>El cantant \u00c0ngel Cerdanya \u201cEl Sueco\u201d acompanyat per Josep Ma. Borr\u00e0s al piano i acordi\u00f3 van oferir dissabte al vespre un recital de diferents can\u00e7ons (tangos, boleros, havaneres&#8230;)<!--more-->Amb un denominador com\u00fa: totes amb nom de dona. Especialment emotiva va ser la interpretaci\u00f3 de la can\u00e7\u00f3 \u201cHomenatge a Teresa\u201d d\u2019Ovidi Montllor. Vam gaudir d\u2019una vetllada molt agradable escoltant i cantant can\u00e7ons amb noms de dones.<\/p>\n<p>Us oferim un petit tastes del qu\u00e8 va donar de s\u00ed aquest recital:<br \/>\n<iframe loading=\"lazy\" src=\"https:\/\/www.youtube.com\/embed\/fA_zibsPjxk\" width=\"560\" height=\"315\" frameborder=\"0\" allowfullscreen=\"allowfullscreen\"><\/iframe><\/p>\n<p>&nbsp;<\/p>\n","protected":false},"excerpt":{"rendered":"<p>El cantant \u00c0ngel Cerdanya \u201cEl Sueco\u201d acompanyat per Josep Ma. Borr\u00e0s al piano i acordi\u00f3 van oferir dissabte al vespre<\/p>\n","protected":false},"author":1,"featured_media":191,"comment_status":"open","ping_status":"open","sticky":false,"template":"template-centered.php","format":"standard","meta":{"footnotes":""},"categories":[1],"tags":[],"class_list":["post-113","post","type-post","status-publish","format-standard","has-post-thumbnail","hentry","category-general"],"_links":{"self":[{"href":"https:\/\/irla.cat\/casairla\/wp-json\/wp\/v2\/posts\/113","targetHints":{"allow":["GET"]}}],"collection":[{"href":"https:\/\/irla.cat\/casairla\/wp-json\/wp\/v2\/posts"}],"about":[{"href":"https:\/\/irla.cat\/casairla\/wp-json\/wp\/v2\/types\/post"}],"author":[{"embeddable":true,"href":"https:\/\/irla.cat\/casairla\/wp-json\/wp\/v2\/users\/1"}],"replies":[{"embeddable":true,"href":"https:\/\/irla.cat\/casairla\/wp-json\/wp\/v2\/comments?post=113"}],"version-history":[{"count":1,"href":"https:\/\/irla.cat\/casairla\/wp-json\/wp\/v2\/posts\/113\/revisions"}],"predecessor-version":[{"id":114,"href":"https:\/\/irla.cat\/casairla\/wp-json\/wp\/v2\/posts\/113\/revisions\/114"}],"wp:featuredmedia":[{"embeddable":true,"href":"https:\/\/irla.cat\/casairla\/wp-json\/wp\/v2\/media\/191"}],"wp:attachment":[{"href":"https:\/\/irla.cat\/casairla\/wp-json\/wp\/v2\/media?parent=113"}],"wp:term":[{"taxonomy":"category","embeddable":true,"href":"https:\/\/irla.cat\/casairla\/wp-json\/wp\/v2\/categories?post=113"},{"taxonomy":"post_tag","embeddable":true,"href":"https:\/\/irla.cat\/casairla\/wp-json\/wp\/v2\/tags?post=113"}],"curies":[{"name":"wp","href":"https:\/\/api.w.org\/{rel}","templated":true}]}}