{"id":1125,"date":"2020-01-27T10:25:59","date_gmt":"2020-01-27T09:25:59","guid":{"rendered":"https:\/\/irla.cat\/casairla\/?p=1125"},"modified":"2020-01-27T10:28:17","modified_gmt":"2020-01-27T09:28:17","slug":"la-casa-irla-va-rebre-la-visita-de-joan-b-culla-per-presentar-la-historia-viscuda","status":"publish","type":"post","link":"https:\/\/irla.cat\/casairla\/2020\/01\/27\/la-casa-irla-va-rebre-la-visita-de-joan-b-culla-per-presentar-la-historia-viscuda\/","title":{"rendered":"La Casa Irla va rebre la visita de Joan B Culla per presentar \u201cLa hist\u00f2ria viscuda\u201d"},"content":{"rendered":"\n<p>El passat dissabte la Casa Irla es va omplir per la presentaci\u00f3 del llibre de L\u2019historiador Joan B. Culla \u201cLa hist\u00f2ria viscuda\u201d.<\/p>\n<p>L&#8217;acte va ser presentant per l&#8217;exregidor de l&#8217;ajuntament de Sant Feliu de Gu\u00edxols i advocat Jordi Vil\u00e0, que va destacar el paper de Joan B. Culla com a historiador per entendre i analitzar, la hist\u00f2ria moderna del pa\u00eds.<\/p>\n<p>En el seu llibre B. Culla &#8220;La hist\u00f2ria viscuda&#8221;, presenta unes mem\u00f2ries que arriben fins a les conseq\u00fc\u00e8ncies de l&#8217;actual proc\u00e9s independentista.<\/p>\n<div>Joan B. Culla i Clar\u00e0 (Barcelona, 1952) exerceix, des de fa quatre d\u00e8cades, de professor d\u2019hist\u00f2ria contempor\u00e0nia a les facultats de Comunicaci\u00f3 i de Lletres de la Universitat Aut\u00f2noma de Barcelona.<\/div>\n<div>\u00a0<\/div>\n<div>Autor de sengles hist\u00f2ries d\u2019Uni\u00f3 Democr\u00e0tica, del Partit Popular catal\u00e0 i d\u2019Esquerra Republicana, coordinador d\u2019una hist\u00f2ria de Converg\u00e8ncia, ha assistit des del 1981 a la pr\u00e0ctica totalitat dels congressos dels partits pol\u00edtics catalans i n\u2019ha analitzat l\u2019evoluci\u00f3 a trav\u00e9s de centenars d\u2019articles de premsa apareguts principalment als diaris Avui, El Pa\u00eds i Ara.<\/div>\n<div>\u00a0<\/div>\n<div>\u00c9s tamb\u00e9 un participant assidu a les tert\u00falies d\u2019actualitat de Catalunya R\u00e0dio i TV3.<\/div>\n<div>\u00a0<\/div>\n","protected":false},"excerpt":{"rendered":"<p>El passat dissabte la Casa Irla es va omplir per la presentaci\u00f3 del llibre de L\u2019historiador Joan B. Culla \u201cLa hist\u00f2ria viscuda\u201d.<\/p>\n","protected":false},"author":1,"featured_media":1128,"comment_status":"closed","ping_status":"closed","sticky":false,"template":"","format":"standard","meta":{"footnotes":""},"categories":[1],"tags":[],"class_list":["post-1125","post","type-post","status-publish","format-standard","has-post-thumbnail","hentry","category-general"],"_links":{"self":[{"href":"https:\/\/irla.cat\/casairla\/wp-json\/wp\/v2\/posts\/1125","targetHints":{"allow":["GET"]}}],"collection":[{"href":"https:\/\/irla.cat\/casairla\/wp-json\/wp\/v2\/posts"}],"about":[{"href":"https:\/\/irla.cat\/casairla\/wp-json\/wp\/v2\/types\/post"}],"author":[{"embeddable":true,"href":"https:\/\/irla.cat\/casairla\/wp-json\/wp\/v2\/users\/1"}],"replies":[{"embeddable":true,"href":"https:\/\/irla.cat\/casairla\/wp-json\/wp\/v2\/comments?post=1125"}],"version-history":[{"count":1,"href":"https:\/\/irla.cat\/casairla\/wp-json\/wp\/v2\/posts\/1125\/revisions"}],"predecessor-version":[{"id":1127,"href":"https:\/\/irla.cat\/casairla\/wp-json\/wp\/v2\/posts\/1125\/revisions\/1127"}],"wp:featuredmedia":[{"embeddable":true,"href":"https:\/\/irla.cat\/casairla\/wp-json\/wp\/v2\/media\/1128"}],"wp:attachment":[{"href":"https:\/\/irla.cat\/casairla\/wp-json\/wp\/v2\/media?parent=1125"}],"wp:term":[{"taxonomy":"category","embeddable":true,"href":"https:\/\/irla.cat\/casairla\/wp-json\/wp\/v2\/categories?post=1125"},{"taxonomy":"post_tag","embeddable":true,"href":"https:\/\/irla.cat\/casairla\/wp-json\/wp\/v2\/tags?post=1125"}],"curies":[{"name":"wp","href":"https:\/\/api.w.org\/{rel}","templated":true}]}}