{"id":1121,"date":"2020-02-03T10:09:00","date_gmt":"2020-02-03T09:09:00","guid":{"rendered":"https:\/\/irla.cat\/casairla\/?p=1121"},"modified":"2020-01-27T10:20:09","modified_gmt":"2020-01-27T09:20:09","slug":"matthew-tree-presenta-aquest-dissabte-el-conflicte-inevitable","status":"publish","type":"post","link":"https:\/\/irla.cat\/casairla\/2020\/02\/03\/matthew-tree-presenta-aquest-dissabte-el-conflicte-inevitable\/","title":{"rendered":"Matthew Tree presenta aquest dissabte &#8220;El conflicte inevitable&#8221;"},"content":{"rendered":"\n<div>El dissabte dia 8 de febrer a les 19 h a la Casa Irla de Sant Feliu de Gu\u00edxols presentem el llibre &#8220;El conflicte inevitable&#8221; de Matthew Tree.<\/div>\n<div>\u00a0<\/div>\n<div>\n<div>Que la situaci\u00f3 actual de Catalunya \u00e9s excepcional \u00e9s una evid\u00e8ncia fins i tot per als que tallen el bacall\u00e0 a l\u2019altipl\u00e0. El que potser molts no saben \u00e9s que aquesta situaci\u00f3 ha estat d\u2019all\u00f2 m\u00e9s previsible al llarg de m\u00e9s de quatre d\u00e8cades.<\/div>\n<div>\u00a0<\/div>\n<div>El conflicte inevitable ho explica a trav\u00e9s de la mirada d\u2019un angl\u00e8s que ha observat \u2014i viscut\u2014 la realitat catalana des de finals dels anys setanta \u2014amb dinou anys i sense saber-ne res\u2014 fins a l\u2019actualitat \u2014amb seixanta anys i sabent-ne alguna cosa.<\/div>\n<div>\u00a0<\/div>\n<div>A trav\u00e9s de fets objectius i, sobretot, d\u2019an\u00e8cdotes personals igualment reveladores,Matthew Tree aclareix els motius pels quals el conflicte actual ha estat, des de sempre, inevitable.<\/div>\n<div>\u00a0<\/div>\n<div><em>\u00abEn fi, doncs, no s\u00e9 qu\u00e8 m\u00e9s us puc dir\u2026 Que el dia en qu\u00e8 Catalunya sigui independent<\/em><\/div>\n<div><em>els dos farem cua&#8230; l\u2019endem\u00e0 al mat\u00ed\u2026 per tenir papers que ens permetindeixar de ser estrangers administratius en aquest pa\u00eds\u2026 I aix\u00ed serem com els altrescatalans\u2026 no nom\u00e9s pel pensament i les emocions\u2026 tamb\u00e9 per l\u2019administraci\u00f3\u2026l\u2019<wbr \/>administraci\u00f3 de la rep\u00fablica catalana\u2026 Iguals, ell, jo i tothom.\u00bb<\/em><\/div>\n<div>\u00a0<\/div>\n<em>Joan-Llu\u00eds Llu\u00eds, del pr\u00f2leg<\/em><\/div>\n<div>\u00a0<\/div>\n","protected":false},"excerpt":{"rendered":"<p>El dissabte dia 8 de febrer a les 19 h a la Casa Irla de Sant Feliu de Gu\u00edxols presentem el llibre &#8220;El conflicte inevitable&#8221; de Matthew Tree.<\/p>\n","protected":false},"author":1,"featured_media":1122,"comment_status":"closed","ping_status":"closed","sticky":false,"template":"","format":"standard","meta":{"footnotes":""},"categories":[1],"tags":[],"class_list":["post-1121","post","type-post","status-publish","format-standard","has-post-thumbnail","hentry","category-general"],"_links":{"self":[{"href":"https:\/\/irla.cat\/casairla\/wp-json\/wp\/v2\/posts\/1121","targetHints":{"allow":["GET"]}}],"collection":[{"href":"https:\/\/irla.cat\/casairla\/wp-json\/wp\/v2\/posts"}],"about":[{"href":"https:\/\/irla.cat\/casairla\/wp-json\/wp\/v2\/types\/post"}],"author":[{"embeddable":true,"href":"https:\/\/irla.cat\/casairla\/wp-json\/wp\/v2\/users\/1"}],"replies":[{"embeddable":true,"href":"https:\/\/irla.cat\/casairla\/wp-json\/wp\/v2\/comments?post=1121"}],"version-history":[{"count":2,"href":"https:\/\/irla.cat\/casairla\/wp-json\/wp\/v2\/posts\/1121\/revisions"}],"predecessor-version":[{"id":1124,"href":"https:\/\/irla.cat\/casairla\/wp-json\/wp\/v2\/posts\/1121\/revisions\/1124"}],"wp:featuredmedia":[{"embeddable":true,"href":"https:\/\/irla.cat\/casairla\/wp-json\/wp\/v2\/media\/1122"}],"wp:attachment":[{"href":"https:\/\/irla.cat\/casairla\/wp-json\/wp\/v2\/media?parent=1121"}],"wp:term":[{"taxonomy":"category","embeddable":true,"href":"https:\/\/irla.cat\/casairla\/wp-json\/wp\/v2\/categories?post=1121"},{"taxonomy":"post_tag","embeddable":true,"href":"https:\/\/irla.cat\/casairla\/wp-json\/wp\/v2\/tags?post=1121"}],"curies":[{"name":"wp","href":"https:\/\/api.w.org\/{rel}","templated":true}]}}