{"id":1113,"date":"2020-01-21T10:00:00","date_gmt":"2020-01-21T09:00:00","guid":{"rendered":"https:\/\/irla.cat\/casairla\/?p=1113"},"modified":"2020-01-20T11:47:47","modified_gmt":"2020-01-20T10:47:47","slug":"ho-tornarem-a-fer-de-jordi-cuixart-omple-la-casa-irla","status":"publish","type":"post","link":"https:\/\/irla.cat\/casairla\/2020\/01\/21\/ho-tornarem-a-fer-de-jordi-cuixart-omple-la-casa-irla\/","title":{"rendered":"&#8220;Ho tornarem a fer&#8221; de Jordi Cuixart omple la Casa Irla"},"content":{"rendered":"\n<p>La Casa Irla es va omplir a la presentaci\u00f3 del llibre del president d&#8217;Omnium Cultural Jordi Cuixart\u00a0 &#8220;Ho tornarem a fer&#8221; a c\u00e0rrec del Dr. Antoni Beltran i l\u2019escriptor Toni Sala.<\/p>\n<p>La presentaci\u00f3 que va estar moderada per la periodista Joana Valent, va girar al voltat de la idea que mostra\u00a0 el llibre,\u00a0 un crit a l\u2019esperan\u00e7a i contra la resignaci\u00f3 i la frustraci\u00f3.<\/p>\n<p>Aix\u00f2 doncs amb aquest &#8220;Ho tornarem a fer&#8221;, tot i les dificultat i la repressi\u00f3, Cuixart vol fer &#8220;Una reivindicaci\u00f3 del dret a existir que cadasc\u00fa ha de reivindicar de la manera que estimi m\u00e9s convenient&#8221; , sense voler &#8220;donar lli\u00e7ons a ning\u00fa, ni encara menys establir cap dogma&#8221; i fer &#8220;un reconeixement i un elogi als qui lluiten per un m\u00f3n una mica m\u00e9s de tots&#8221;.\u00a0<\/p>\n<p>\u00a0<\/p>\n","protected":false},"excerpt":{"rendered":"<p>La Casa Irla es va omplir a la presentaci\u00f3 del llibre del president d&#8217;Omnium Cultural Jordi Cuixart\u00a0 &#8220;Ho tornarem a fer&#8221; a c\u00e0rrec del Dr. Antoni Beltran i l\u2019escriptor Toni Sala.<\/p>\n","protected":false},"author":1,"featured_media":1119,"comment_status":"closed","ping_status":"closed","sticky":false,"template":"","format":"standard","meta":{"footnotes":""},"categories":[1],"tags":[],"class_list":["post-1113","post","type-post","status-publish","format-standard","has-post-thumbnail","hentry","category-general"],"_links":{"self":[{"href":"https:\/\/irla.cat\/casairla\/wp-json\/wp\/v2\/posts\/1113","targetHints":{"allow":["GET"]}}],"collection":[{"href":"https:\/\/irla.cat\/casairla\/wp-json\/wp\/v2\/posts"}],"about":[{"href":"https:\/\/irla.cat\/casairla\/wp-json\/wp\/v2\/types\/post"}],"author":[{"embeddable":true,"href":"https:\/\/irla.cat\/casairla\/wp-json\/wp\/v2\/users\/1"}],"replies":[{"embeddable":true,"href":"https:\/\/irla.cat\/casairla\/wp-json\/wp\/v2\/comments?post=1113"}],"version-history":[{"count":1,"href":"https:\/\/irla.cat\/casairla\/wp-json\/wp\/v2\/posts\/1113\/revisions"}],"predecessor-version":[{"id":1115,"href":"https:\/\/irla.cat\/casairla\/wp-json\/wp\/v2\/posts\/1113\/revisions\/1115"}],"wp:featuredmedia":[{"embeddable":true,"href":"https:\/\/irla.cat\/casairla\/wp-json\/wp\/v2\/media\/1119"}],"wp:attachment":[{"href":"https:\/\/irla.cat\/casairla\/wp-json\/wp\/v2\/media?parent=1113"}],"wp:term":[{"taxonomy":"category","embeddable":true,"href":"https:\/\/irla.cat\/casairla\/wp-json\/wp\/v2\/categories?post=1113"},{"taxonomy":"post_tag","embeddable":true,"href":"https:\/\/irla.cat\/casairla\/wp-json\/wp\/v2\/tags?post=1113"}],"curies":[{"name":"wp","href":"https:\/\/api.w.org\/{rel}","templated":true}]}}